{"id":101485,"date":"2023-11-14T08:39:05","date_gmt":"2023-11-14T11:39:05","guid":{"rendered":"https:\/\/cdnoticias.com\/?p=101485"},"modified":"2023-11-14T08:39:07","modified_gmt":"2023-11-14T11:39:07","slug":"el-ministerio-de-desarrollo-agrario-inscribio-dos-nuevas-variedades-de-avena-en-el-inase","status":"publish","type":"post","link":"https:\/\/cdnoticias.com\/index.php\/2023\/11\/14\/el-ministerio-de-desarrollo-agrario-inscribio-dos-nuevas-variedades-de-avena-en-el-inase\/","title":{"rendered":"El Ministerio de Desarrollo Agrario inscribi\u00f3 dos nuevas variedades de avena en el INASE"},"content":{"rendered":"<p>Fueron desarrolladas en la Chacra Experimental Integrada Barrow junto al INTA. El ministro Rodr\u00edguez destac\u00f3 \u201cel trabajo innovador\u201d.<!--more--><\/p>\n<hr \/>\n<p><strong>El Ministerio de Desarrollo Agrario de la provincia de Buenos Aires<\/strong> inscribi\u00f3 <strong>dos nuevas variedades de avena en el INASE<\/strong>, denominadas<strong> Bonaerense MDA INTA Serena y Bonaerense MDA INTA Lola<\/strong>, que fueron desarrolladas en la<strong> Chacra Experimental Integrada (CEI) Barrow<\/strong> como parte del programa de mejoramiento gen\u00e9tico.<\/p>\n<blockquote><p>\u201cEstas nuevas variedades de avena son la clara evidencia del trabajo innovador que se realiza en nuestras Chacras Experimentales con el objetivo de acercar alternativas y soluciones a los productores de cada regi\u00f3n de la Provincia\u201d, se\u00f1al\u00f3 el ministro Javier Rodr\u00edguez.<\/p><\/blockquote>\n<p>Y a\u00f1adi\u00f3: \u201cEstos logros son muestra tambi\u00e9n de que, contrario a lo que sostienen algunos, <strong>la inversi\u00f3n del Estado en innovaci\u00f3n, ciencia y tecnolog\u00eda es necesaria, fruct\u00edfera y fundamental<\/strong> para el desarrollo de la producci\u00f3n\u201d.<\/p>\n<p>El objetivo del <strong>programa de mejoramiento gen\u00e9tico<\/strong> que lleva adelante la cartera agraria en su sistema de Chacras Experimentales tiene por objetivo aumentar la producci\u00f3n de forraje, buen rebrote, sanidad y en el caso de avenas, lograr una alta calidad de grano vinculada a par\u00e1metros como peso hectol\u00edtrico y contenido de prote\u00edna.<\/p>\n<p><img data-recalc-dims=\"1\" loading=\"lazy\" decoding=\"async\" class=\"size-full wp-image-101486 aligncenter\" src=\"https:\/\/i0.wp.com\/cdnoticias.com\/wp-content\/uploads\/2023\/11\/avena-inta-bonaerense-0.jpg?resize=800%2C800&#038;ssl=1\" alt=\"\" width=\"800\" height=\"800\" srcset=\"https:\/\/i0.wp.com\/cdnoticias.com\/wp-content\/uploads\/2023\/11\/avena-inta-bonaerense-0.jpg?w=800&amp;ssl=1 800w, https:\/\/i0.wp.com\/cdnoticias.com\/wp-content\/uploads\/2023\/11\/avena-inta-bonaerense-0.jpg?resize=300%2C300&amp;ssl=1 300w, https:\/\/i0.wp.com\/cdnoticias.com\/wp-content\/uploads\/2023\/11\/avena-inta-bonaerense-0.jpg?resize=150%2C150&amp;ssl=1 150w, https:\/\/i0.wp.com\/cdnoticias.com\/wp-content\/uploads\/2023\/11\/avena-inta-bonaerense-0.jpg?resize=768%2C768&amp;ssl=1 768w\" sizes=\"auto, (max-width: 800px) 100vw, 800px\" \/><\/p>\n<p>La <strong>avena Bonaerense MDA INTA Serena<\/strong> es una variedad de ciclo de cultivo intermedio a largo que se destaca por su excelente producci\u00f3n para la confecci\u00f3n de reservas forrajeras, aunque tambi\u00e9n, es apta para la producci\u00f3n de forraje para consumo directo. A su vez, posee una buena producci\u00f3n de grano, adecuada para la alimentaci\u00f3n del ganado.<\/p>\n<p>Al mismo tiempo, tiene una buena resistencia al pisoteo, muy buena capacidad de rebrote y muy buen comportamiento frente al fr\u00edo. Estas caracter\u00edsticas hacen que sea una variedad con una destacable aptitud, tanto para el consumo directo del ganado, como para la confecci\u00f3n de reservas forrajeras.<\/p>\n<p>En cuanto a su comportamiento frente a enfermedades, tiene una moderada susceptibilidad frente a Roya de la Hoja y una moderada resistencia a manchas foliares.<\/p>\n<p>Por su parte, <strong>Bonaerense MDA INTA Lola<\/strong> es una variedad con aptitud tanto para la producci\u00f3n de forraje como para la producci\u00f3n de grano, con alto rendimiento y con buen peso hectol\u00edtrico que la hace apta para la industria.<\/p>\n<p>Al igual que la anterior, posee una buena resistencia al pisoteo, muy buena capacidad de rebrote y muy buen comportamiento frente al fr\u00edo.<\/p>\n<p>Adem\u00e1s de apta para el consumo directo del ganado, es recomendable su uso como cultivo de cobertura, en consociaci\u00f3n con otras especies, ya que, si bien es una variedad de ciclo intermedio-corto, demora un tiempo m\u00e1s en llegar al estado de enca\u00f1az\u00f3n. Adem\u00e1s, genera un buen volumen de cobertura foliar. Esto, junto a su muy buen comportamiento a la roya de la hoja, la hace muy adecuada en planteos agroecol\u00f3gicos.<\/p>\n","protected":false},"excerpt":{"rendered":"<p>Fueron desarrolladas en la Chacra Experimental Integrada Barrow junto al INTA. El ministro Rodr\u00edguez destac\u00f3 \u201cel trabajo innovador\u201d.<\/p>\n","protected":false},"author":4,"featured_media":101487,"comment_status":"closed","ping_status":"closed","sticky":false,"template":"","format":"standard","meta":{"_jetpack_memberships_contains_paid_content":false,"footnotes":""},"categories":[6,1],"tags":[],"class_list":["post-101485","post","type-post","status-publish","format-standard","has-post-thumbnail","hentry","category-nacionales","category-portada"],"jetpack_featured_media_url":"https:\/\/i0.wp.com\/cdnoticias.com\/wp-content\/uploads\/2023\/11\/avena-inta-bonaerense.jpg?fit=1000%2C556&ssl=1","jetpack_sharing_enabled":true,"_links":{"self":[{"href":"https:\/\/cdnoticias.com\/index.php\/wp-json\/wp\/v2\/posts\/101485","targetHints":{"allow":["GET"]}}],"collection":[{"href":"https:\/\/cdnoticias.com\/index.php\/wp-json\/wp\/v2\/posts"}],"about":[{"href":"https:\/\/cdnoticias.com\/index.php\/wp-json\/wp\/v2\/types\/post"}],"author":[{"embeddable":true,"href":"https:\/\/cdnoticias.com\/index.php\/wp-json\/wp\/v2\/users\/4"}],"replies":[{"embeddable":true,"href":"https:\/\/cdnoticias.com\/index.php\/wp-json\/wp\/v2\/comments?post=101485"}],"version-history":[{"count":0,"href":"https:\/\/cdnoticias.com\/index.php\/wp-json\/wp\/v2\/posts\/101485\/revisions"}],"wp:featuredmedia":[{"embeddable":true,"href":"https:\/\/cdnoticias.com\/index.php\/wp-json\/wp\/v2\/media\/101487"}],"wp:attachment":[{"href":"https:\/\/cdnoticias.com\/index.php\/wp-json\/wp\/v2\/media?parent=101485"}],"wp:term":[{"taxonomy":"category","embeddable":true,"href":"https:\/\/cdnoticias.com\/index.php\/wp-json\/wp\/v2\/categories?post=101485"},{"taxonomy":"post_tag","embeddable":true,"href":"https:\/\/cdnoticias.com\/index.php\/wp-json\/wp\/v2\/tags?post=101485"}],"curies":[{"name":"wp","href":"https:\/\/api.w.org\/{rel}","templated":true}]}}