{"id":101460,"date":"2023-11-10T08:06:55","date_gmt":"2023-11-10T11:06:55","guid":{"rendered":"https:\/\/cdnoticias.com\/?p=101460"},"modified":"2023-11-10T08:06:58","modified_gmt":"2023-11-10T11:06:58","slug":"gustavo-guillermo-ocana-q-e-p-d","status":"publish","type":"post","link":"https:\/\/cdnoticias.com\/index.php\/2023\/11\/10\/gustavo-guillermo-ocana-q-e-p-d\/","title":{"rendered":"Gustavo Guillermo Oca\u00f1a (Q.E.P.D.)"},"content":{"rendered":"<p>Falleci\u00f3 en Olavarr\u00eda el 10 de noviembre de 2023 a los 53 a\u00f1os de edad. Su esposa Yanina Mar\u00eda de los \u00c1ngeles Acu\u00f1a; sus hijos: Ayrton, Nazareno y Nahuel Oca\u00f1a; sus amigos y dem\u00e1s deudos participan su fallecimiento.<\/p>\n<p>Sus restos son velados en Espa\u00f1a 2942 departamento &#8220;B&#8221; y ser\u00e1n cremados en Crematorio Pinos de Paz en d\u00eda y horario a confirmar. Sin responso. Servicio adherido a Coopelectric. Vecino de barrio Mart\u00edn Fierro. Pensionado. <\/p>\n","protected":false},"excerpt":{"rendered":"<p>Falleci\u00f3 en Olavarr\u00eda el 10 de noviembre de 2023 a los 53 a\u00f1os de edad. Su esposa Yanina Mar\u00eda de<\/p>\n","protected":false},"author":2,"featured_media":100390,"comment_status":"closed","ping_status":"closed","sticky":false,"template":"","format":"standard","meta":{"_jetpack_memberships_contains_paid_content":false,"footnotes":""},"categories":[10],"tags":[],"class_list":["post-101460","post","type-post","status-publish","format-standard","has-post-thumbnail","hentry","category-necrologicas"],"jetpack_featured_media_url":"https:\/\/i0.wp.com\/cdnoticias.com\/wp-content\/uploads\/2023\/10\/necrologicas-390-x-240.jpg?fit=390%2C240&ssl=1","jetpack_sharing_enabled":true,"_links":{"self":[{"href":"https:\/\/cdnoticias.com\/index.php\/wp-json\/wp\/v2\/posts\/101460","targetHints":{"allow":["GET"]}}],"collection":[{"href":"https:\/\/cdnoticias.com\/index.php\/wp-json\/wp\/v2\/posts"}],"about":[{"href":"https:\/\/cdnoticias.com\/index.php\/wp-json\/wp\/v2\/types\/post"}],"author":[{"embeddable":true,"href":"https:\/\/cdnoticias.com\/index.php\/wp-json\/wp\/v2\/users\/2"}],"replies":[{"embeddable":true,"href":"https:\/\/cdnoticias.com\/index.php\/wp-json\/wp\/v2\/comments?post=101460"}],"version-history":[{"count":0,"href":"https:\/\/cdnoticias.com\/index.php\/wp-json\/wp\/v2\/posts\/101460\/revisions"}],"wp:featuredmedia":[{"embeddable":true,"href":"https:\/\/cdnoticias.com\/index.php\/wp-json\/wp\/v2\/media\/100390"}],"wp:attachment":[{"href":"https:\/\/cdnoticias.com\/index.php\/wp-json\/wp\/v2\/media?parent=101460"}],"wp:term":[{"taxonomy":"category","embeddable":true,"href":"https:\/\/cdnoticias.com\/index.php\/wp-json\/wp\/v2\/categories?post=101460"},{"taxonomy":"post_tag","embeddable":true,"href":"https:\/\/cdnoticias.com\/index.php\/wp-json\/wp\/v2\/tags?post=101460"}],"curies":[{"name":"wp","href":"https:\/\/api.w.org\/{rel}","templated":true}]}}