{"id":101307,"date":"2023-11-08T13:03:29","date_gmt":"2023-11-08T16:03:29","guid":{"rendered":"https:\/\/cdnoticias.com\/?p=101307"},"modified":"2023-11-08T13:03:31","modified_gmt":"2023-11-08T16:03:31","slug":"maria-luisa-erramouspe-viuda-de-ader-mary-q-e-p-d","status":"publish","type":"post","link":"https:\/\/cdnoticias.com\/index.php\/2023\/11\/08\/maria-luisa-erramouspe-viuda-de-ader-mary-q-e-p-d\/","title":{"rendered":"Mar\u00eda Luisa Erramouspe viuda de Ader \u201cMary\u201d (Q.E.P.D.)"},"content":{"rendered":"<p>Falleci\u00f3 en Olavarr\u00eda el 8 de noviembre de 2023 a los 95 a\u00f1os de edad. Su familia del coraz\u00f3n: Mar\u00eda, Ricardo, Miguel y Rosana; sus ahijados: Sergio y Micaela; sus nietos del coraz\u00f3n: Juan, Estefan\u00eda y Candela; sus bisnietos en el afecto: Jes\u00fas y Rom\u00e1n; su cuidadora Mar\u00eda Ang\u00e9lica y dem\u00e1s deudos participan su fallecimiento.<\/p>\n<p>Sus restos son velados en Espa\u00f1a 2942, departamento &#8220;E&#8221; y ser\u00e1n inhumados en el cementerio Loma de Paz, este jueves a las 9:30, previo responso en la capilla ardiente. Servicio adherido a Coopelectric. Vecina de Microcentro. Jubilada y Pensionada. <\/p>\n","protected":false},"excerpt":{"rendered":"<p>Falleci\u00f3 en Olavarr\u00eda el 8 de noviembre de 2023 a los 95 a\u00f1os de edad. Su familia del coraz\u00f3n: Mar\u00eda,<\/p>\n","protected":false},"author":2,"featured_media":100390,"comment_status":"closed","ping_status":"closed","sticky":false,"template":"","format":"standard","meta":{"_jetpack_memberships_contains_paid_content":false,"footnotes":""},"categories":[10],"tags":[],"class_list":["post-101307","post","type-post","status-publish","format-standard","has-post-thumbnail","hentry","category-necrologicas"],"jetpack_featured_media_url":"https:\/\/i0.wp.com\/cdnoticias.com\/wp-content\/uploads\/2023\/10\/necrologicas-390-x-240.jpg?fit=390%2C240&ssl=1","jetpack_sharing_enabled":true,"_links":{"self":[{"href":"https:\/\/cdnoticias.com\/index.php\/wp-json\/wp\/v2\/posts\/101307","targetHints":{"allow":["GET"]}}],"collection":[{"href":"https:\/\/cdnoticias.com\/index.php\/wp-json\/wp\/v2\/posts"}],"about":[{"href":"https:\/\/cdnoticias.com\/index.php\/wp-json\/wp\/v2\/types\/post"}],"author":[{"embeddable":true,"href":"https:\/\/cdnoticias.com\/index.php\/wp-json\/wp\/v2\/users\/2"}],"replies":[{"embeddable":true,"href":"https:\/\/cdnoticias.com\/index.php\/wp-json\/wp\/v2\/comments?post=101307"}],"version-history":[{"count":0,"href":"https:\/\/cdnoticias.com\/index.php\/wp-json\/wp\/v2\/posts\/101307\/revisions"}],"wp:featuredmedia":[{"embeddable":true,"href":"https:\/\/cdnoticias.com\/index.php\/wp-json\/wp\/v2\/media\/100390"}],"wp:attachment":[{"href":"https:\/\/cdnoticias.com\/index.php\/wp-json\/wp\/v2\/media?parent=101307"}],"wp:term":[{"taxonomy":"category","embeddable":true,"href":"https:\/\/cdnoticias.com\/index.php\/wp-json\/wp\/v2\/categories?post=101307"},{"taxonomy":"post_tag","embeddable":true,"href":"https:\/\/cdnoticias.com\/index.php\/wp-json\/wp\/v2\/tags?post=101307"}],"curies":[{"name":"wp","href":"https:\/\/api.w.org\/{rel}","templated":true}]}}