{"id":101287,"date":"2023-11-13T08:30:30","date_gmt":"2023-11-13T11:30:30","guid":{"rendered":"https:\/\/cdnoticias.com\/?p=101287"},"modified":"2023-11-13T08:30:31","modified_gmt":"2023-11-13T11:30:31","slug":"compromiso-de-la-facaf-con-la-salud-de-los-ciudadanos-argentinos","status":"publish","type":"post","link":"https:\/\/cdnoticias.com\/index.php\/2023\/11\/13\/compromiso-de-la-facaf-con-la-salud-de-los-ciudadanos-argentinos\/","title":{"rendered":"Compromiso de la FACAF con la salud de los ciudadanos argentinos"},"content":{"rendered":"<p>La Federaci\u00f3n Argentina de C\u00e1maras de Farmacias rechaz\u00f3 \u201cla idea de realizar recortes y reducir\u201d servicios a PAMI al tiempo que advirti\u00f3 que el sector enfrente una \u201cconsiderable disminuci\u00f3n en su rentabilidad\u201d. \u201cPAMI est\u00e1 cumpliendo de manera puntual con los t\u00e9rminos contractuales establecidos\u201d declar\u00f3 la entidad.<!--more--><\/p>\n<hr \/>\n<p>En medio de algunas <strong>advertencias sobre restricciones en la dispensa de medicamentos a afiliados del PAMI<\/strong>, desde la<strong> Federaci\u00f3n Argentina de C\u00e1maras de Farmacias (FACAF)<\/strong> &#8211; que nuclea a m\u00e1s de cinco mil asociados en todo el pa\u00eds- aseguraron que <strong>\u201cno respaldamos la idea de realizar recortes ni reducir la calidad de los servicios prestados por nuestras farmacias asociadas.<\/strong> Nuestra filosof\u00eda de negociaci\u00f3n se basa en el respeto de los acuerdos existentes y la b\u00fasqueda de consensos, siempre actuando con consideraci\u00f3n y prudencia\u201d dijo Miguel \u00c1ngel Lombardo, titular de la entidad.<\/p>\n<p>&nbsp;<\/p>\n<blockquote><p>En ese sentido el dirigente agreg\u00f3 que: \u201cFACAF reconoce que el Instituto de Servicios Sociales para Jubilados y Pensionados (ISSJyP) est\u00e1 cumpliendo fielmente con los acuerdos previamente establecidos. Los montos y los plazos acordados se est\u00e1n respetando rigurosamente, tal como lo estipula el correspondiente convenio\u201d.<\/p><\/blockquote>\n<p>&nbsp;<\/p>\n<p><img data-recalc-dims=\"1\" loading=\"lazy\" decoding=\"async\" class=\"size-full wp-image-101289 aligncenter\" src=\"https:\/\/i0.wp.com\/cdnoticias.com\/wp-content\/uploads\/2023\/11\/farmacia-medicamento-1.jpg?resize=800%2C445&#038;ssl=1\" alt=\"\" width=\"800\" height=\"445\" srcset=\"https:\/\/i0.wp.com\/cdnoticias.com\/wp-content\/uploads\/2023\/11\/farmacia-medicamento-1.jpg?w=1000&amp;ssl=1 1000w, https:\/\/i0.wp.com\/cdnoticias.com\/wp-content\/uploads\/2023\/11\/farmacia-medicamento-1.jpg?resize=300%2C167&amp;ssl=1 300w, https:\/\/i0.wp.com\/cdnoticias.com\/wp-content\/uploads\/2023\/11\/farmacia-medicamento-1.jpg?resize=768%2C427&amp;ssl=1 768w, https:\/\/i0.wp.com\/cdnoticias.com\/wp-content\/uploads\/2023\/11\/farmacia-medicamento-1.jpg?resize=800%2C445&amp;ssl=1 800w\" sizes=\"auto, (max-width: 800px) 100vw, 800px\" \/><\/p>\n<p>&nbsp;<\/p>\n<p>No obstante Lombardo aclar\u00f3 que \u201ces importante destacar que <strong>las C\u00e1maras y las farmacias asociadas a ellas est\u00e1n enfrentando una considerable disminuci\u00f3n en su rentabilidad<\/strong>, pero en este contexto, estamos comprometidos en defender tanto la actividad farmac\u00e9utica como la salud de los ciudadanos argentinos\u201d.<\/p>\n<p>&nbsp;<\/p>\n<p>En un comunicado la Federaci\u00f3n agreg\u00f3 que<strong> \u201cPAMI est\u00e1 cumpliendo de manera puntual con los t\u00e9rminos contractuales establecidos<\/strong>, aunque las farmacias, al igual que cualquier otra entidad, est\u00e1n experimentando dificultades en medio de la situaci\u00f3n actual y <strong>necesitan el apoyo continuo de los financiadores de la salud\u201d<\/strong>.<\/p>\n<p>&nbsp;<\/p>\n<blockquote><p>\u201cFACAF y sus farmacias asociadas est\u00e1n comprometidas a no renunciar al desaf\u00edo de mantener el acceso de la poblaci\u00f3n a los medicamentos, asegurando as\u00ed que los ciudadanos tengan acceso a los servicios de salud que merecen. La salud y el bienestar de la comunidad son nuestra prioridad, y juntos trabajaremos incansablemente para garantizar que estos objetivos se cumplan\u201d asegur\u00f3 Lombardo.<\/p><\/blockquote>\n<p>&nbsp;<\/p>\n","protected":false},"excerpt":{"rendered":"<p>La Federaci\u00f3n Argentina de C\u00e1maras de Farmacias rechaz\u00f3 \u201cla idea de realizar recortes y reducir\u201d servicios a PAMI al tiempo<\/p>\n","protected":false},"author":4,"featured_media":101288,"comment_status":"closed","ping_status":"closed","sticky":false,"template":"","format":"standard","meta":{"_jetpack_memberships_contains_paid_content":false,"footnotes":""},"categories":[6,1],"tags":[],"class_list":["post-101287","post","type-post","status-publish","format-standard","has-post-thumbnail","hentry","category-nacionales","category-portada"],"jetpack_featured_media_url":"https:\/\/i0.wp.com\/cdnoticias.com\/wp-content\/uploads\/2023\/11\/farmacia-medicamento.jpg?fit=1000%2C556&ssl=1","jetpack_sharing_enabled":true,"_links":{"self":[{"href":"https:\/\/cdnoticias.com\/index.php\/wp-json\/wp\/v2\/posts\/101287","targetHints":{"allow":["GET"]}}],"collection":[{"href":"https:\/\/cdnoticias.com\/index.php\/wp-json\/wp\/v2\/posts"}],"about":[{"href":"https:\/\/cdnoticias.com\/index.php\/wp-json\/wp\/v2\/types\/post"}],"author":[{"embeddable":true,"href":"https:\/\/cdnoticias.com\/index.php\/wp-json\/wp\/v2\/users\/4"}],"replies":[{"embeddable":true,"href":"https:\/\/cdnoticias.com\/index.php\/wp-json\/wp\/v2\/comments?post=101287"}],"version-history":[{"count":0,"href":"https:\/\/cdnoticias.com\/index.php\/wp-json\/wp\/v2\/posts\/101287\/revisions"}],"wp:featuredmedia":[{"embeddable":true,"href":"https:\/\/cdnoticias.com\/index.php\/wp-json\/wp\/v2\/media\/101288"}],"wp:attachment":[{"href":"https:\/\/cdnoticias.com\/index.php\/wp-json\/wp\/v2\/media?parent=101287"}],"wp:term":[{"taxonomy":"category","embeddable":true,"href":"https:\/\/cdnoticias.com\/index.php\/wp-json\/wp\/v2\/categories?post=101287"},{"taxonomy":"post_tag","embeddable":true,"href":"https:\/\/cdnoticias.com\/index.php\/wp-json\/wp\/v2\/tags?post=101287"}],"curies":[{"name":"wp","href":"https:\/\/api.w.org\/{rel}","templated":true}]}}