{"id":101275,"date":"2023-11-08T09:25:30","date_gmt":"2023-11-08T12:25:30","guid":{"rendered":"https:\/\/cdnoticias.com\/?p=101275"},"modified":"2023-11-08T12:56:09","modified_gmt":"2023-11-08T15:56:09","slug":"el-gobernador-kicillof-recibio-a-maximiliano-wesner-horas-antes-de-llegar-a-olavarria","status":"publish","type":"post","link":"https:\/\/cdnoticias.com\/index.php\/2023\/11\/08\/el-gobernador-kicillof-recibio-a-maximiliano-wesner-horas-antes-de-llegar-a-olavarria\/","title":{"rendered":"El gobernador Kicillof recibi\u00f3 a Maximiliano Wesner horas antes de llegar a Olavarr\u00eda"},"content":{"rendered":"<p>Del encuentro tambi\u00e9n particip\u00f3 el intendente electo de Azul, Nelson Sombra, y la diputada electa, Mercedes Land\u00edvar.<!--more--><\/p>\n<hr \/>\n<p>El <strong>gobernador Axel Kicillof<\/strong> mantiene diariamente <strong>en Casa de Gobierno<\/strong> en La Plata encuentros con los intendentes electos por Uni\u00f3n por la Patria y este martes la reuni\u00f3n fue doble: estuvieron <strong>el olavarriense Maximiliano Wesner y el azule\u00f1o Nelson Sombra<\/strong>.<\/p>\n<p>&nbsp;<\/p>\n<p>La particularidad es que el contacto se dio<strong> a horas de que el gobernador reelecto llegue a Olavarr\u00eda<\/strong> <a href=\"https:\/\/cdnoticias.com\/index.php\/2023\/11\/08\/kicillof-mantendra-un-encuentro-con-intendentes-de-la-septima-en-olavarria\/\" target=\"_blank\" rel=\"noopener\">en el marco de las actividades de campa\u00f1a para la elecci\u00f3n presidencial<\/a>.<\/p>\n<p>&nbsp;<\/p>\n<blockquote><p>Wesner dio a conocer la reuni\u00f3n a trav\u00e9s de sus redes sociales. \u201cCharlamos sobre diversos proyectos y la importancia del trabajo articulado para continuar impulsando el desarrollo\u201d inform\u00f3.<\/p><\/blockquote>\n<p>&nbsp;<\/p>\n<p><img data-recalc-dims=\"1\" loading=\"lazy\" decoding=\"async\" class=\"size-full wp-image-101277 aligncenter\" src=\"https:\/\/i0.wp.com\/cdnoticias.com\/wp-content\/uploads\/2023\/11\/wesner-sombra-en-la-plata-00.jpg?resize=800%2C445&#038;ssl=1\" alt=\"\" width=\"800\" height=\"445\" srcset=\"https:\/\/i0.wp.com\/cdnoticias.com\/wp-content\/uploads\/2023\/11\/wesner-sombra-en-la-plata-00.jpg?w=1000&amp;ssl=1 1000w, https:\/\/i0.wp.com\/cdnoticias.com\/wp-content\/uploads\/2023\/11\/wesner-sombra-en-la-plata-00.jpg?resize=300%2C167&amp;ssl=1 300w, https:\/\/i0.wp.com\/cdnoticias.com\/wp-content\/uploads\/2023\/11\/wesner-sombra-en-la-plata-00.jpg?resize=768%2C427&amp;ssl=1 768w, https:\/\/i0.wp.com\/cdnoticias.com\/wp-content\/uploads\/2023\/11\/wesner-sombra-en-la-plata-00.jpg?resize=800%2C445&amp;ssl=1 800w\" sizes=\"auto, (max-width: 800px) 100vw, 800px\" \/><\/p>\n<p>&nbsp;<\/p>\n<p>La segunda vuelta electoral tambi\u00e9n fue parte de la conversaci\u00f3n entre los ejecutivos municipal y provincial. <strong>\u201cCoincidimos en que es fundamental que Sergio Massa sea el pr\u00f3ximo presidente<\/strong>, para que contemos con mayor inversi\u00f3n y posibilidades de crecimiento en nuestra ciudad\u201d expres\u00f3 el intendente electo por Olavarr\u00eda.<\/p>\n<p>&nbsp;<\/p>\n<p>En la reuni\u00f3n tambi\u00e9n estuvieron la <strong>diputada provincial electa por la S\u00e9ptima, Mercedes Land\u00edvar<\/strong>, el <strong>diputado provincial C\u00e9sar Valicenti<\/strong>, el<strong> jefe de asesores de la provincia, Carlos Bianco<\/strong>, e <strong>Ignacio Pallia, integrante del equipo de Sombra<\/strong>.<\/p>\n<p>&nbsp;<\/p>\n","protected":false},"excerpt":{"rendered":"<p>Del encuentro tambi\u00e9n particip\u00f3 el intendente electo de Azul, Nelson Sombra, y la diputada electa, Mercedes Land\u00edvar.<\/p>\n","protected":false},"author":4,"featured_media":101276,"comment_status":"closed","ping_status":"closed","sticky":false,"template":"","format":"standard","meta":{"_jetpack_memberships_contains_paid_content":false,"footnotes":""},"categories":[4,1],"tags":[],"class_list":["post-101275","post","type-post","status-publish","format-standard","has-post-thumbnail","hentry","category-politica","category-portada"],"jetpack_featured_media_url":"https:\/\/i0.wp.com\/cdnoticias.com\/wp-content\/uploads\/2023\/11\/wesner-kicillof-en-la-plata-00.jpg?fit=1000%2C556&ssl=1","jetpack_sharing_enabled":true,"_links":{"self":[{"href":"https:\/\/cdnoticias.com\/index.php\/wp-json\/wp\/v2\/posts\/101275","targetHints":{"allow":["GET"]}}],"collection":[{"href":"https:\/\/cdnoticias.com\/index.php\/wp-json\/wp\/v2\/posts"}],"about":[{"href":"https:\/\/cdnoticias.com\/index.php\/wp-json\/wp\/v2\/types\/post"}],"author":[{"embeddable":true,"href":"https:\/\/cdnoticias.com\/index.php\/wp-json\/wp\/v2\/users\/4"}],"replies":[{"embeddable":true,"href":"https:\/\/cdnoticias.com\/index.php\/wp-json\/wp\/v2\/comments?post=101275"}],"version-history":[{"count":0,"href":"https:\/\/cdnoticias.com\/index.php\/wp-json\/wp\/v2\/posts\/101275\/revisions"}],"wp:featuredmedia":[{"embeddable":true,"href":"https:\/\/cdnoticias.com\/index.php\/wp-json\/wp\/v2\/media\/101276"}],"wp:attachment":[{"href":"https:\/\/cdnoticias.com\/index.php\/wp-json\/wp\/v2\/media?parent=101275"}],"wp:term":[{"taxonomy":"category","embeddable":true,"href":"https:\/\/cdnoticias.com\/index.php\/wp-json\/wp\/v2\/categories?post=101275"},{"taxonomy":"post_tag","embeddable":true,"href":"https:\/\/cdnoticias.com\/index.php\/wp-json\/wp\/v2\/tags?post=101275"}],"curies":[{"name":"wp","href":"https:\/\/api.w.org\/{rel}","templated":true}]}}