{"id":101221,"date":"2023-11-07T12:28:06","date_gmt":"2023-11-07T15:28:06","guid":{"rendered":"https:\/\/cdnoticias.com\/?p=101221"},"modified":"2023-11-07T17:59:41","modified_gmt":"2023-11-07T20:59:41","slug":"volco-un-camion-de-transportes-malvinas-y-su-conductor-resulto-herido","status":"publish","type":"post","link":"https:\/\/cdnoticias.com\/index.php\/2023\/11\/07\/volco-un-camion-de-transportes-malvinas-y-su-conductor-resulto-herido\/","title":{"rendered":"Volc\u00f3 un cami\u00f3n de Transportes Malvinas y su conductor result\u00f3 herido"},"content":{"rendered":"<p>Ocurri\u00f3 este martes en avenida Alberdi, camino al relleno sanitario. El chofer fue trasladado al Hospital Municipal.<!--more--><\/p>\n<hr \/>\n<p>El conductor de un cami\u00f3n de la<strong> empresa Transportes Malvinas<\/strong>, perdi\u00f3 el control del veh\u00edculo y <strong>volc\u00f3 sobre la banquina.<\/strong><\/p>\n<p>El siniestro vial ocurri\u00f3 durante la ma\u00f1ana de este martes en <strong>Alberdi Norte a aproximadamente mil metros de la ruta nacional 226<\/strong>, camino al relleno sanitario.<\/p>\n<p><img data-recalc-dims=\"1\" loading=\"lazy\" decoding=\"async\" class=\"alignnone size-full wp-image-101222\" src=\"https:\/\/i0.wp.com\/cdnoticias.com\/wp-content\/uploads\/2023\/11\/vuelco-transportes-malvinas-02.jpg?resize=800%2C445&#038;ssl=1\" alt=\"\" width=\"800\" height=\"445\" srcset=\"https:\/\/i0.wp.com\/cdnoticias.com\/wp-content\/uploads\/2023\/11\/vuelco-transportes-malvinas-02.jpg?w=800&amp;ssl=1 800w, https:\/\/i0.wp.com\/cdnoticias.com\/wp-content\/uploads\/2023\/11\/vuelco-transportes-malvinas-02.jpg?resize=300%2C167&amp;ssl=1 300w, https:\/\/i0.wp.com\/cdnoticias.com\/wp-content\/uploads\/2023\/11\/vuelco-transportes-malvinas-02.jpg?resize=768%2C427&amp;ssl=1 768w\" sizes=\"auto, (max-width: 800px) 100vw, 800px\" \/><\/p>\n<p>El conductor del cami\u00f3n, un hombre de 36 a\u00f1os, <strong>qued\u00f3 atrapado<\/strong> dentro del habit\u00e1culo y <strong>debi\u00f3 ser trasladado por personal de salud al Hospital Municipal &#8220;Dr. H\u00e9ctor Cura&#8221;<\/strong> para ser asistido por las heridas recibidas. Particip\u00f3 del rescate la <strong>unidad n\u00b017 de Bomberos Voluntarios.<\/strong><\/p>\n<p><img data-recalc-dims=\"1\" loading=\"lazy\" decoding=\"async\" class=\"alignnone size-full wp-image-101223\" src=\"https:\/\/i0.wp.com\/cdnoticias.com\/wp-content\/uploads\/2023\/11\/vuelco-transportes-malvinas-03.jpg?resize=800%2C445&#038;ssl=1\" alt=\"\" width=\"800\" height=\"445\" srcset=\"https:\/\/i0.wp.com\/cdnoticias.com\/wp-content\/uploads\/2023\/11\/vuelco-transportes-malvinas-03.jpg?w=800&amp;ssl=1 800w, https:\/\/i0.wp.com\/cdnoticias.com\/wp-content\/uploads\/2023\/11\/vuelco-transportes-malvinas-03.jpg?resize=300%2C167&amp;ssl=1 300w, https:\/\/i0.wp.com\/cdnoticias.com\/wp-content\/uploads\/2023\/11\/vuelco-transportes-malvinas-03.jpg?resize=768%2C427&amp;ssl=1 768w\" sizes=\"auto, (max-width: 800px) 100vw, 800px\" \/><\/p>\n<p>Personal policial de la Comisar\u00eda Primera se hizo presente en el lugar. Interviene la UFI N\u00b04 a cargo de la doctora Paula Serrano.<\/p>\n","protected":false},"excerpt":{"rendered":"<p>Ocurri\u00f3 este martes en avenida Alberdi, camino al relleno sanitario. El chofer fue trasladado al Hospital Municipal.<\/p>\n","protected":false},"author":2,"featured_media":101224,"comment_status":"closed","ping_status":"closed","sticky":false,"template":"","format":"standard","meta":{"_jetpack_memberships_contains_paid_content":false,"footnotes":""},"categories":[14,1],"tags":[],"class_list":["post-101221","post","type-post","status-publish","format-standard","has-post-thumbnail","hentry","category-policiales","category-portada"],"jetpack_featured_media_url":"https:\/\/i0.wp.com\/cdnoticias.com\/wp-content\/uploads\/2023\/11\/vuelco-transportes-malvinas-01.jpg?fit=800%2C445&ssl=1","jetpack_sharing_enabled":true,"_links":{"self":[{"href":"https:\/\/cdnoticias.com\/index.php\/wp-json\/wp\/v2\/posts\/101221","targetHints":{"allow":["GET"]}}],"collection":[{"href":"https:\/\/cdnoticias.com\/index.php\/wp-json\/wp\/v2\/posts"}],"about":[{"href":"https:\/\/cdnoticias.com\/index.php\/wp-json\/wp\/v2\/types\/post"}],"author":[{"embeddable":true,"href":"https:\/\/cdnoticias.com\/index.php\/wp-json\/wp\/v2\/users\/2"}],"replies":[{"embeddable":true,"href":"https:\/\/cdnoticias.com\/index.php\/wp-json\/wp\/v2\/comments?post=101221"}],"version-history":[{"count":0,"href":"https:\/\/cdnoticias.com\/index.php\/wp-json\/wp\/v2\/posts\/101221\/revisions"}],"wp:featuredmedia":[{"embeddable":true,"href":"https:\/\/cdnoticias.com\/index.php\/wp-json\/wp\/v2\/media\/101224"}],"wp:attachment":[{"href":"https:\/\/cdnoticias.com\/index.php\/wp-json\/wp\/v2\/media?parent=101221"}],"wp:term":[{"taxonomy":"category","embeddable":true,"href":"https:\/\/cdnoticias.com\/index.php\/wp-json\/wp\/v2\/categories?post=101221"},{"taxonomy":"post_tag","embeddable":true,"href":"https:\/\/cdnoticias.com\/index.php\/wp-json\/wp\/v2\/tags?post=101221"}],"curies":[{"name":"wp","href":"https:\/\/api.w.org\/{rel}","templated":true}]}}