{"id":101152,"date":"2023-11-07T19:13:42","date_gmt":"2023-11-07T22:13:42","guid":{"rendered":"https:\/\/cdnoticias.com\/?p=101152"},"modified":"2023-11-07T19:13:44","modified_gmt":"2023-11-07T22:13:44","slug":"baltasar-comotto-se-presenta-en-la-rustica","status":"publish","type":"post","link":"https:\/\/cdnoticias.com\/index.php\/2023\/11\/07\/baltasar-comotto-se-presenta-en-la-rustica\/","title":{"rendered":"Baltasar Comotto se presenta en \u201cLa R\u00fastica\u201d"},"content":{"rendered":"\n<p>Ser\u00e1 el viernes 22 de diciembre con bandas y artistas invitados. Entradas a la venta.<\/p>\n\n\n\n<hr class=\"wp-block-separator aligncenter has-alpha-channel-opacity\"\/>\n\n\n\n<p>El <strong>guitarrista elegido por Luis Alberto Spinetta y actual integrante del \u201cIndio Solari y los Fundamentalistas del Aire Acondicionado\u201d, Baltasar Comotto<\/strong>, se presentar\u00e1 en nuestra ciudad.<\/p>\n\n\n\n<p><\/p>\n\n\n\n<p>El show ser\u00e1 el <strong>viernes 22 de diciembre a partir de las 22 horas en La R\u00fastica<\/strong>, Independencia 2258.<\/p>\n\n\n\n<p><\/p>\n\n\n\n<figure class=\"wp-block-image aligncenter size-full\"><img data-recalc-dims=\"1\" loading=\"lazy\" decoding=\"async\" width=\"720\" height=\"864\" src=\"https:\/\/i0.wp.com\/cdnoticias.com\/wp-content\/uploads\/2023\/11\/baltasar-comotto-olavarria.jpeg?resize=720%2C864&#038;ssl=1\" alt=\"\" class=\"wp-image-101157\" srcset=\"https:\/\/i0.wp.com\/cdnoticias.com\/wp-content\/uploads\/2023\/11\/baltasar-comotto-olavarria.jpeg?w=720&amp;ssl=1 720w, https:\/\/i0.wp.com\/cdnoticias.com\/wp-content\/uploads\/2023\/11\/baltasar-comotto-olavarria.jpeg?resize=250%2C300&amp;ssl=1 250w\" sizes=\"auto, (max-width: 720px) 100vw, 720px\" \/><\/figure>\n\n\n\n<p><\/p>\n\n\n\n<p>Comotto se presentar\u00e1 en el marco de la <strong>gira \u201cCacer\u00eda\u201d <\/strong>en formato d\u00fao set acompa\u00f1ado por el m\u00fasico Macabre. Adem\u00e1s, el show contara con la banda invitada \u201cCocora Blanz\u00f3n\u201d.<\/p>\n\n\n\n<p><\/p>\n\n\n\n<p>Las <strong>entradas anticipadas <\/strong>ya est\u00e1n a la venta en <strong>Afrodita Olavarr\u00eda <\/strong>(Necochea 2725).<\/p>\n","protected":false},"excerpt":{"rendered":"<p>Ser\u00e1 el viernes 22 de diciembre con bandas y artistas invitados. Entradas a la venta. El guitarrista elegido por Luis<\/p>\n","protected":false},"author":6,"featured_media":101156,"comment_status":"closed","ping_status":"closed","sticky":false,"template":"","format":"standard","meta":{"_jetpack_memberships_contains_paid_content":false,"footnotes":""},"categories":[9,1],"tags":[],"class_list":["post-101152","post","type-post","status-publish","format-standard","has-post-thumbnail","hentry","category-cultura","category-portada"],"jetpack_featured_media_url":"https:\/\/i0.wp.com\/cdnoticias.com\/wp-content\/uploads\/2023\/11\/baltasar-comotto.jpg?fit=720%2C486&ssl=1","jetpack_sharing_enabled":true,"_links":{"self":[{"href":"https:\/\/cdnoticias.com\/index.php\/wp-json\/wp\/v2\/posts\/101152","targetHints":{"allow":["GET"]}}],"collection":[{"href":"https:\/\/cdnoticias.com\/index.php\/wp-json\/wp\/v2\/posts"}],"about":[{"href":"https:\/\/cdnoticias.com\/index.php\/wp-json\/wp\/v2\/types\/post"}],"author":[{"embeddable":true,"href":"https:\/\/cdnoticias.com\/index.php\/wp-json\/wp\/v2\/users\/6"}],"replies":[{"embeddable":true,"href":"https:\/\/cdnoticias.com\/index.php\/wp-json\/wp\/v2\/comments?post=101152"}],"version-history":[{"count":0,"href":"https:\/\/cdnoticias.com\/index.php\/wp-json\/wp\/v2\/posts\/101152\/revisions"}],"wp:featuredmedia":[{"embeddable":true,"href":"https:\/\/cdnoticias.com\/index.php\/wp-json\/wp\/v2\/media\/101156"}],"wp:attachment":[{"href":"https:\/\/cdnoticias.com\/index.php\/wp-json\/wp\/v2\/media?parent=101152"}],"wp:term":[{"taxonomy":"category","embeddable":true,"href":"https:\/\/cdnoticias.com\/index.php\/wp-json\/wp\/v2\/categories?post=101152"},{"taxonomy":"post_tag","embeddable":true,"href":"https:\/\/cdnoticias.com\/index.php\/wp-json\/wp\/v2\/tags?post=101152"}],"curies":[{"name":"wp","href":"https:\/\/api.w.org\/{rel}","templated":true}]}}