{"id":101144,"date":"2023-11-06T16:37:03","date_gmt":"2023-11-06T19:37:03","guid":{"rendered":"https:\/\/cdnoticias.com\/?p=101144"},"modified":"2023-11-06T20:34:04","modified_gmt":"2023-11-06T23:34:04","slug":"este-sabado-se-realizara-un-operativo-territorial-de-migraciones","status":"publish","type":"post","link":"https:\/\/cdnoticias.com\/index.php\/2023\/11\/06\/este-sabado-se-realizara-un-operativo-territorial-de-migraciones\/","title":{"rendered":"Este s\u00e1bado se realizar\u00e1 un operativo territorial de Migraciones"},"content":{"rendered":"\n<p>Ser\u00e1 de 10 a 13 en las oficinas del RENAPER, en Lavalle 3195.<\/p>\n\n\n\n<!--more-->\n\n\n\n<hr class=\"wp-block-separator has-alpha-channel-opacity\"\/>\n\n\n\n<p>Desde el <strong>Registro Nacional de las Personas (RENAPER) <\/strong>informaron que el s\u00e1bado 11 de noviembre un equipo de la <strong>Direcci\u00f3n Nacional de Migraciones<\/strong> estar\u00e1 en Olavarr\u00eda realizando un abordaje territorial.<\/p>\n\n\n\n<p><\/p>\n\n\n\n<blockquote class=\"wp-block-quote is-layout-flow wp-block-quote-is-layout-flow\">\n<p>El mismo se llevar\u00e1 a cabo en las oficinas de Lavalle 3195, de 10 a 13. Se record\u00f3 que no hay que sacar turno ni pagar nada previamente, es por orden de llegada.<\/p>\n<\/blockquote>\n\n\n\n<p><\/p>\n\n\n\n<p>Los interesados podr\u00e1n recibir asesoramiento, iniciar tr\u00e1mites de radicaciones, cambios de categor\u00eda (temporaria a permanente), emitir y renovar certificados de Residencia Precarias, resolver solicitudes de residencias y consultar estado de tr\u00e1mites de Radicaci\u00f3n ya iniciados.<\/p>\n\n\n\n<p><\/p>\n\n\n\n<p>Cabe aclarar que <strong>no se realizar\u00e1n tr\u00e1mites de DNI <\/strong>(robo o extrav\u00edo, cambio de domicilio, actualizaciones).<\/p>\n","protected":false},"excerpt":{"rendered":"<p>Ser\u00e1 de 10 a 13 en las oficinas del RENAPER, en Lavalle 3195.<\/p>\n","protected":false},"author":2,"featured_media":81230,"comment_status":"closed","ping_status":"closed","sticky":false,"template":"","format":"standard","meta":{"_jetpack_memberships_contains_paid_content":false,"footnotes":""},"categories":[5,1],"tags":[],"class_list":["post-101144","post","type-post","status-publish","format-standard","has-post-thumbnail","hentry","category-informacion-general","category-portada"],"jetpack_featured_media_url":"https:\/\/i0.wp.com\/cdnoticias.com\/wp-content\/uploads\/2023\/04\/renaper-migraciones-0.jpg?fit=800%2C445&ssl=1","jetpack_sharing_enabled":true,"_links":{"self":[{"href":"https:\/\/cdnoticias.com\/index.php\/wp-json\/wp\/v2\/posts\/101144","targetHints":{"allow":["GET"]}}],"collection":[{"href":"https:\/\/cdnoticias.com\/index.php\/wp-json\/wp\/v2\/posts"}],"about":[{"href":"https:\/\/cdnoticias.com\/index.php\/wp-json\/wp\/v2\/types\/post"}],"author":[{"embeddable":true,"href":"https:\/\/cdnoticias.com\/index.php\/wp-json\/wp\/v2\/users\/2"}],"replies":[{"embeddable":true,"href":"https:\/\/cdnoticias.com\/index.php\/wp-json\/wp\/v2\/comments?post=101144"}],"version-history":[{"count":0,"href":"https:\/\/cdnoticias.com\/index.php\/wp-json\/wp\/v2\/posts\/101144\/revisions"}],"wp:featuredmedia":[{"embeddable":true,"href":"https:\/\/cdnoticias.com\/index.php\/wp-json\/wp\/v2\/media\/81230"}],"wp:attachment":[{"href":"https:\/\/cdnoticias.com\/index.php\/wp-json\/wp\/v2\/media?parent=101144"}],"wp:term":[{"taxonomy":"category","embeddable":true,"href":"https:\/\/cdnoticias.com\/index.php\/wp-json\/wp\/v2\/categories?post=101144"},{"taxonomy":"post_tag","embeddable":true,"href":"https:\/\/cdnoticias.com\/index.php\/wp-json\/wp\/v2\/tags?post=101144"}],"curies":[{"name":"wp","href":"https:\/\/api.w.org\/{rel}","templated":true}]}}