{"id":101142,"date":"2023-11-06T13:32:02","date_gmt":"2023-11-06T16:32:02","guid":{"rendered":"https:\/\/cdnoticias.com\/?p=101142"},"modified":"2023-11-06T13:32:03","modified_gmt":"2023-11-06T16:32:03","slug":"paritarias-bonaerenses-esta-semana-habra-reunion-entre-provincia-y-gremios","status":"publish","type":"post","link":"https:\/\/cdnoticias.com\/index.php\/2023\/11\/06\/paritarias-bonaerenses-esta-semana-habra-reunion-entre-provincia-y-gremios\/","title":{"rendered":"Paritarias bonaerenses: esta semana habr\u00e1 reuni\u00f3n entre Provincia y gremios"},"content":{"rendered":"\n<p>Buscar\u00e1n continuar la discusi\u00f3n paritaria y cerrarla de cara a fin de a\u00f1o. Ser\u00e1 este martes por la ma\u00f1ana.<\/p>\n\n\n\n<hr class=\"wp-block-separator aligncenter has-alpha-channel-opacity\"\/>\n\n\n\n<p>El <strong>gobierno de Axel Kicillof se reunir\u00e1 esta semana con gremios que representan a docentes y estatales con el objetivo de continuar con las negociaciones salariales de ambos sectores de cara a fin de a\u00f1o <\/strong>y tratar de cerrar un a\u00f1o de intensas negociaciones.<\/p>\n\n\n\n<p>Seg\u00fan inform\u00f3 la agencia DIB, fuentes gremiales confirmaron que <strong>el encuentro con los sindicatos docentes se realizar\u00e1 este martes 7 a las 10 de la ma\u00f1ana. En tanto, el mi\u00e9rcoles 8 ser\u00e1 el turno de los estatales de la ley 10.430.<\/strong><\/p>\n\n\n\n<p>Cabe recordar que la gesti\u00f3n recibi\u00f3 a los gremios de docentes y estatales antes de las elecciones generales y tras conocerse que la inflaci\u00f3n de septiembre fue de 12,7%. <strong>En aquellas reuniones (tambi\u00e9n hubo uno con judiciales), la Provincia escucho los reclamos de los distintos sectores, pero no realiz\u00f3 ninguna oferta.<\/strong><\/p>\n\n\n\n<p>Vale recordar que<strong> en agosto el Gobierno bonaerense dio un incremento adicional del 10% a docentes, estatales y judiciales (que ya hab\u00edan acordado un 15% para ese periodo) para alcanzar un 25% y otorg\u00f3 un bono de $ 30.000. De enero a octubre, los aumentos rondan el 95%.<\/strong><\/p>\n","protected":false},"excerpt":{"rendered":"<p>Buscar\u00e1n continuar la discusi\u00f3n paritaria y cerrarla de cara a fin de a\u00f1o. Ser\u00e1 este martes por la ma\u00f1ana. El<\/p>\n","protected":false},"author":2,"featured_media":84768,"comment_status":"closed","ping_status":"closed","sticky":false,"template":"","format":"standard","meta":{"_jetpack_memberships_contains_paid_content":false,"footnotes":""},"categories":[6,1],"tags":[],"class_list":["post-101142","post","type-post","status-publish","format-standard","has-post-thumbnail","hentry","category-nacionales","category-portada"],"jetpack_featured_media_url":"https:\/\/i0.wp.com\/cdnoticias.com\/wp-content\/uploads\/2023\/05\/Paritarias.jpeg?fit=1600%2C1200&ssl=1","jetpack_sharing_enabled":true,"_links":{"self":[{"href":"https:\/\/cdnoticias.com\/index.php\/wp-json\/wp\/v2\/posts\/101142","targetHints":{"allow":["GET"]}}],"collection":[{"href":"https:\/\/cdnoticias.com\/index.php\/wp-json\/wp\/v2\/posts"}],"about":[{"href":"https:\/\/cdnoticias.com\/index.php\/wp-json\/wp\/v2\/types\/post"}],"author":[{"embeddable":true,"href":"https:\/\/cdnoticias.com\/index.php\/wp-json\/wp\/v2\/users\/2"}],"replies":[{"embeddable":true,"href":"https:\/\/cdnoticias.com\/index.php\/wp-json\/wp\/v2\/comments?post=101142"}],"version-history":[{"count":0,"href":"https:\/\/cdnoticias.com\/index.php\/wp-json\/wp\/v2\/posts\/101142\/revisions"}],"wp:featuredmedia":[{"embeddable":true,"href":"https:\/\/cdnoticias.com\/index.php\/wp-json\/wp\/v2\/media\/84768"}],"wp:attachment":[{"href":"https:\/\/cdnoticias.com\/index.php\/wp-json\/wp\/v2\/media?parent=101142"}],"wp:term":[{"taxonomy":"category","embeddable":true,"href":"https:\/\/cdnoticias.com\/index.php\/wp-json\/wp\/v2\/categories?post=101142"},{"taxonomy":"post_tag","embeddable":true,"href":"https:\/\/cdnoticias.com\/index.php\/wp-json\/wp\/v2\/tags?post=101142"}],"curies":[{"name":"wp","href":"https:\/\/api.w.org\/{rel}","templated":true}]}}