{"id":10105,"date":"2020-12-29T09:00:21","date_gmt":"2020-12-29T12:00:21","guid":{"rendered":"http:\/\/www.centraldenoticias.com.ar\/?p=10105"},"modified":"2020-12-29T10:13:48","modified_gmt":"2020-12-29T13:13:48","slug":"covid-ya-llegaron-las-vacunas-a-olavarria","status":"publish","type":"post","link":"https:\/\/cdnoticias.com\/index.php\/2020\/12\/29\/covid-ya-llegaron-las-vacunas-a-olavarria\/","title":{"rendered":"Covid: ya llegaron las vacunas a Olavarr\u00eda"},"content":{"rendered":"<p>La vacunaci\u00f3n comenzar\u00e1 en el Hospital de Oncolog\u00eda y, en esta primera etapa, se inmunizar\u00e1 al personal de salud. El director de la Regi\u00f3n Sanitaria IX, Ramiro Borzi, estuvo en el Hospital.<!--more--><\/p>\n<hr \/>\n<p><strong>En la ma\u00f1ana de este martes llegaron las primeras dosis de la vacuna contra el Covid a Olavarr\u00eda.<\/strong> Cabe recordar que la Regi\u00f3n Sanitaria IX hab\u00eda anunciado el <a href=\"https:\/\/cdnoticias.com\/index.php\/2020\/12\/25\/vacunacion-contra-el-covid-estiman-comenzar-el-proximo-lunes\/\">plan de log\u00edstica<\/a>, mientras que desde la Provincia se dispuso que desde las 9.30 de este martes se inicie la vacunaci\u00f3n <a href=\"https:\/\/cdnoticias.com\/index.php\/2020\/12\/28\/este-martes-comienza-la-vacunacion-del-personal-de-salud-en-toda-la-provincia\/\">en el territorio bonaerense<\/a> para el personal de salud.<\/p>\n<blockquote class=\"twitter-tweet\">\n<p dir=\"ltr\" lang=\"es\">Llegaron las primeras vacunas Sputnik V contra el COVID-19 a Olavarr\u00eda. Cada d\u00eda estamos m\u00e1s cerca, a seguir cuid\u00e1ndonos. <a href=\"https:\/\/twitter.com\/SaludBAP?ref_src=twsrc%5Etfw\">@SaludBAP<\/a> <a href=\"https:\/\/t.co\/zoKslRPX5b\">pic.twitter.com\/zoKslRPX5b<\/a><\/p>\n<p>\u2014 Federico Aguilera (@FedericoAguile5) <a href=\"https:\/\/twitter.com\/FedericoAguile5\/status\/1343884465861500931?ref_src=twsrc%5Etfw\">December 29, 2020<\/a><\/p><\/blockquote>\n<p><script async src=\"https:\/\/platform.twitter.com\/widgets.js\" charset=\"utf-8\"><\/script><\/p>\n<p>\u201c<strong>Llegaron las primeras vacunas Sputnik V contra el COVID-19 a Olavarr\u00eda<\/strong>\u201d anunci\u00f3 la novedad el Subsecretario de Miner\u00eda bonaerense, Federico Aguilera.<\/p>\n<blockquote><p>Este lunes se hab\u00eda dado a conocer que el Hospital de Oncolog\u00eda \u201cLuciano Fortabat\u201d ser\u00eda la primera sede de vacunaci\u00f3n local y justamente all\u00ed es a donde se recibieron las dosis.<\/p><\/blockquote>\n<p>Estuvieron el director de la Regi\u00f3n Sanitaria IX, <strong>Ramiro Borzi<\/strong>, y la directora asociada, <strong>Norma \u00c1lvarez Morello<\/strong>.<\/p>\n","protected":false},"excerpt":{"rendered":"<p>La vacunaci\u00f3n comenzar\u00e1 en el Hospital de Oncolog\u00eda y, en esta primera etapa, se inmunizar\u00e1 al personal de salud. El<\/p>\n","protected":false},"author":4,"featured_media":10109,"comment_status":"closed","ping_status":"closed","sticky":false,"template":"","format":"standard","meta":{"_jetpack_memberships_contains_paid_content":false,"footnotes":""},"categories":[5,1],"tags":[],"class_list":["post-10105","post","type-post","status-publish","format-standard","has-post-thumbnail","hentry","category-informacion-general","category-portada"],"jetpack_featured_media_url":"https:\/\/i0.wp.com\/cdnoticias.com\/wp-content\/uploads\/2020\/12\/vacuna-covid.jpg?fit=2048%2C1536&ssl=1","jetpack_sharing_enabled":true,"_links":{"self":[{"href":"https:\/\/cdnoticias.com\/index.php\/wp-json\/wp\/v2\/posts\/10105","targetHints":{"allow":["GET"]}}],"collection":[{"href":"https:\/\/cdnoticias.com\/index.php\/wp-json\/wp\/v2\/posts"}],"about":[{"href":"https:\/\/cdnoticias.com\/index.php\/wp-json\/wp\/v2\/types\/post"}],"author":[{"embeddable":true,"href":"https:\/\/cdnoticias.com\/index.php\/wp-json\/wp\/v2\/users\/4"}],"replies":[{"embeddable":true,"href":"https:\/\/cdnoticias.com\/index.php\/wp-json\/wp\/v2\/comments?post=10105"}],"version-history":[{"count":0,"href":"https:\/\/cdnoticias.com\/index.php\/wp-json\/wp\/v2\/posts\/10105\/revisions"}],"wp:featuredmedia":[{"embeddable":true,"href":"https:\/\/cdnoticias.com\/index.php\/wp-json\/wp\/v2\/media\/10109"}],"wp:attachment":[{"href":"https:\/\/cdnoticias.com\/index.php\/wp-json\/wp\/v2\/media?parent=10105"}],"wp:term":[{"taxonomy":"category","embeddable":true,"href":"https:\/\/cdnoticias.com\/index.php\/wp-json\/wp\/v2\/categories?post=10105"},{"taxonomy":"post_tag","embeddable":true,"href":"https:\/\/cdnoticias.com\/index.php\/wp-json\/wp\/v2\/tags?post=10105"}],"curies":[{"name":"wp","href":"https:\/\/api.w.org\/{rel}","templated":true}]}}