{"id":101026,"date":"2023-11-04T10:03:34","date_gmt":"2023-11-04T13:03:34","guid":{"rendered":"https:\/\/cdnoticias.com\/?p=101026"},"modified":"2023-11-04T13:32:01","modified_gmt":"2023-11-04T16:32:01","slug":"cruz-arouxet-continua-al-frente-del-consejo-de-administracion-de-coopelectric","status":"publish","type":"post","link":"https:\/\/cdnoticias.com\/index.php\/2023\/11\/04\/cruz-arouxet-continua-al-frente-del-consejo-de-administracion-de-coopelectric\/","title":{"rendered":"Cruz Arouxet contin\u00faa al frente del Consejo de Administraci\u00f3n de Coopelectric"},"content":{"rendered":"<p>Tras la Asamblea General Ordinaria se distribuyeron los cargos. Vanesa Andreis es la presidenta del Cuerpo de Delegados. El balance anual de los servicios que brinda la cooperativa.<\/p>\n<p><!--more--><\/p>\n<hr \/>\n<p>En cumplimiento de lo dispuesto por el Estatuto Social y la Ley de Cooperativas N\u00b0 20.337, el <strong>Cuerpo de Delegados de Coopelectric<\/strong> &#8211; en tanto representantes de los asociados &#8211; analiz\u00f3 en <strong>Asamblea General Ordinaria<\/strong> la gesti\u00f3n institucional llevada adelante por los integrantes del Consejo de Administraci\u00f3n durante el transcurso del<strong> Ejercicio Econ\u00f3mico N\u00b0 92<\/strong> iniciado el 1\u00b0 de julio de 2022 y finalizado el 30 de junio de 2023.<\/p>\n<p>La misma tuvo lugar en la sede administrativa de Coopelectric donde <strong>asumieron su funci\u00f3n los Delegados de la Lista Amarilla Conducci\u00f3n<\/strong>, tras ser oficializada luego de la <a href=\"https:\/\/cdnoticias.com\/index.php\/2023\/08\/11\/coopelectric-se-oficializo-la-lista-amarilla-conduccion\/\" target=\"_blank\" rel=\"noopener\">convocatoria a Asamblea Electoral de Distrito \u00danico<\/a> que fuera publicada en el mes de julio.<\/p>\n<p>En primer lugar, el <strong>secretario del Consejo de Administraci\u00f3n de Coopelectric Alberto Miotti<\/strong> dio la bienvenida a los Delegados presentes y a continuaci\u00f3n invit\u00f3 a hacer uso de la palabra al <strong>presidente del Consejo de Administraci\u00f3n Dr. Cruz Arouxet<\/strong>, quien brind\u00f3 informaci\u00f3n institucional.<\/p>\n<p><img data-recalc-dims=\"1\" loading=\"lazy\" decoding=\"async\" class=\"alignnone size-large wp-image-101027\" src=\"https:\/\/i0.wp.com\/cdnoticias.com\/wp-content\/uploads\/2023\/11\/Coopelectric-Asamblea-Ordinaria-2.jpeg?resize=800%2C600&#038;ssl=1\" alt=\"\" width=\"800\" height=\"600\" srcset=\"https:\/\/i0.wp.com\/cdnoticias.com\/wp-content\/uploads\/2023\/11\/Coopelectric-Asamblea-Ordinaria-2.jpeg?resize=1024%2C768&amp;ssl=1 1024w, https:\/\/i0.wp.com\/cdnoticias.com\/wp-content\/uploads\/2023\/11\/Coopelectric-Asamblea-Ordinaria-2.jpeg?resize=300%2C225&amp;ssl=1 300w, https:\/\/i0.wp.com\/cdnoticias.com\/wp-content\/uploads\/2023\/11\/Coopelectric-Asamblea-Ordinaria-2.jpeg?resize=768%2C576&amp;ssl=1 768w, https:\/\/i0.wp.com\/cdnoticias.com\/wp-content\/uploads\/2023\/11\/Coopelectric-Asamblea-Ordinaria-2.jpeg?resize=1536%2C1152&amp;ssl=1 1536w, https:\/\/i0.wp.com\/cdnoticias.com\/wp-content\/uploads\/2023\/11\/Coopelectric-Asamblea-Ordinaria-2.jpeg?w=1600&amp;ssl=1 1600w\" sizes=\"auto, (max-width: 800px) 100vw, 800px\" \/><\/p>\n<p>El titular del Consejo de Administraci\u00f3n se refiri\u00f3 a la <strong>actualidad del Servicio El\u00e9ctrico<\/strong> y remarc\u00f3 que ante el <strong>R\u00e9gimen de Segmentaci\u00f3n Tarifaria<\/strong> <em>\u201chemos trabajado de forma ardua para realizar esta tarea ya que al principio hubo una incompatibilidad manifiesta entre el programa y la adhesi\u00f3n de los usuarios\u201d<\/em>.<\/p>\n<blockquote><p>En cuanto al Servicio de Obras Sanitarias hizo hincapi\u00e9 en el cumplimiento del plazo de concesi\u00f3n fijado en 25 a\u00f1os y la pr\u00f3rroga aprobada en el Honorable Concejo Deliberante por cinco a\u00f1os m\u00e1s, bajo las mismas condiciones. \u201cTambi\u00e9n es importante mencionar que durante este ejercicio se habilitaron dos pozos de extracci\u00f3n de agua y est\u00e1 prevista la puesta en funcionamiento de otros dos a fines de 2023\u201d sostuvo Arouxet.<\/p><\/blockquote>\n<p>Finalmente subray\u00f3 el funcionamiento de los <strong>Servicios Sociales<\/strong>, del<strong> Centro de Estudios Universitarios de Coopelectric<\/strong> que a\u00f1o a a\u00f1o trabaja en la mejora continua de la educaci\u00f3n a distancia, el avance de la tercera etapa de la obra del tendido de Fibra \u00d3ptica al Hogar realizada por<strong> Infracom-Coopelectric<\/strong> y el <strong>Programa Di\u00e1logos Comunitarios<\/strong> que acerca a la cooperativa con las entidades intermedias.<\/p>\n<p>Posteriormente se dio lectura a los puntos establecidos en el Orden del D\u00eda y <strong>la Asamblea eligi\u00f3 a sus autoridades<\/strong>. La delegada <strong>Vanesa Andreis fue designada presidente de la Asamblea<\/strong>, la <strong>C\u00e1mara Empresaria de Olavarr\u00eda<\/strong> representada por el Sr. Jorge Arguindegui fue <strong>electa como vicepresidente<\/strong> y los <strong>delegados Mar\u00eda Celia Larraburu y Horacio Balbiani como secretarios<\/strong>. De esta manera, durante el pr\u00f3ximo per\u00edodo anual dirigir\u00e1n los debates de las Asambleas y rubricar\u00e1n las actas y resoluciones tomadas en ellas.<\/p>\n<p><img data-recalc-dims=\"1\" loading=\"lazy\" decoding=\"async\" class=\"alignnone size-large wp-image-101029\" src=\"https:\/\/i0.wp.com\/cdnoticias.com\/wp-content\/uploads\/2023\/11\/Coopelectric-Asamblea-Ordinaria-4.jpeg?resize=800%2C600&#038;ssl=1\" alt=\"\" width=\"800\" height=\"600\" srcset=\"https:\/\/i0.wp.com\/cdnoticias.com\/wp-content\/uploads\/2023\/11\/Coopelectric-Asamblea-Ordinaria-4.jpeg?resize=1024%2C768&amp;ssl=1 1024w, https:\/\/i0.wp.com\/cdnoticias.com\/wp-content\/uploads\/2023\/11\/Coopelectric-Asamblea-Ordinaria-4.jpeg?resize=300%2C225&amp;ssl=1 300w, https:\/\/i0.wp.com\/cdnoticias.com\/wp-content\/uploads\/2023\/11\/Coopelectric-Asamblea-Ordinaria-4.jpeg?resize=768%2C576&amp;ssl=1 768w, https:\/\/i0.wp.com\/cdnoticias.com\/wp-content\/uploads\/2023\/11\/Coopelectric-Asamblea-Ordinaria-4.jpeg?resize=1536%2C1152&amp;ssl=1 1536w, https:\/\/i0.wp.com\/cdnoticias.com\/wp-content\/uploads\/2023\/11\/Coopelectric-Asamblea-Ordinaria-4.jpeg?w=1600&amp;ssl=1 1600w\" sizes=\"auto, (max-width: 800px) 100vw, 800px\" \/><\/p>\n<p>Durante el desarrollo de la Asamblea Ordinaria <strong>se aprob\u00f3 la Memoria, el Balance General, Cuenta de P\u00e9rdidas y Excedentes, Anexos, Notas e Informes de la Auditor\u00eda Externa y la Sindicatura<\/strong> correspondientes al 92\u00ba Ejercicio Econ\u00f3mico, y los puntos restantes del Orden de D\u00eda.<\/p>\n<p>Para abordar los datos contables, el <strong>subgerente de Coordinaci\u00f3n Administrativa Enrique Lospinoso se refiri\u00f3 a la situaci\u00f3n econ\u00f3mica<\/strong> brindando una explicaci\u00f3n pormenorizada sobre los servicios que presta la Cooperativa. Tambi\u00e9n ofrecieron una descripci\u00f3n detallada de sus informes la Auditora Externa Cra. M\u00f3nica Sauro y el S\u00edndico Horacio Balbiani.<\/p>\n<p>Finalmente, en reemplazo de los Consejeros que cesaron en sus mandatos <strong>fueron elegidos como Consejeros Titulares<\/strong> por el per\u00edodo de tres a\u00f1os el <strong>Sr. Ignacio Pagano, Sr. Oscar Angeletti, Dr. Jorge Rodr\u00edguez Setzes y Sr. Rub\u00e9n Robledo<\/strong>. En tanto como <em>Consejeros Suplentes, se desempe\u00f1ar\u00e1n durante un a\u00f1o el Dr. Jos\u00e9 Eseverri, el Sr. Walter Vega, el Sr. Domingo Soraiz y el Dr. Iv\u00e1n Rodr\u00edguez.<\/em> Asimismo, el <strong>Dr. Jorge Cataldi fue designado S\u00edndico Titular<\/strong> y el<em> Dr. Am\u00edlcar Dirazar S\u00edndico Suplente<\/em>.<\/p>\n<p><img data-recalc-dims=\"1\" loading=\"lazy\" decoding=\"async\" class=\"alignnone size-large wp-image-101028\" src=\"https:\/\/i0.wp.com\/cdnoticias.com\/wp-content\/uploads\/2023\/11\/Coopelectric-Asamblea-Ordinaria-3.jpeg?resize=800%2C600&#038;ssl=1\" alt=\"\" width=\"800\" height=\"600\" srcset=\"https:\/\/i0.wp.com\/cdnoticias.com\/wp-content\/uploads\/2023\/11\/Coopelectric-Asamblea-Ordinaria-3.jpeg?resize=1024%2C768&amp;ssl=1 1024w, https:\/\/i0.wp.com\/cdnoticias.com\/wp-content\/uploads\/2023\/11\/Coopelectric-Asamblea-Ordinaria-3.jpeg?resize=300%2C225&amp;ssl=1 300w, https:\/\/i0.wp.com\/cdnoticias.com\/wp-content\/uploads\/2023\/11\/Coopelectric-Asamblea-Ordinaria-3.jpeg?resize=768%2C576&amp;ssl=1 768w, https:\/\/i0.wp.com\/cdnoticias.com\/wp-content\/uploads\/2023\/11\/Coopelectric-Asamblea-Ordinaria-3.jpeg?resize=1536%2C1152&amp;ssl=1 1536w, https:\/\/i0.wp.com\/cdnoticias.com\/wp-content\/uploads\/2023\/11\/Coopelectric-Asamblea-Ordinaria-3.jpeg?w=1600&amp;ssl=1 1600w\" sizes=\"auto, (max-width: 800px) 100vw, 800px\" \/><\/p>\n<p>Tras la realizaci\u00f3n de la 92\u00ba Asamblea General Ordinaria, los<strong> integrantes del Consejo de Administraci\u00f3n de Coopelectric<\/strong> se reunieron para proceder a la distribuci\u00f3n de cargos. El mismo qued\u00f3 conformado de la siguiente manera:<\/p>\n<ul>\n<li><strong>Presidente: Dr. Cruz Mart\u00edn Arouxet<\/strong><br \/>\nVicepresidente: Dr. Alfredo Ignacio Aramburu<br \/>\nSecretario: Ing. Alberto Miotti<br \/>\nPro-secretario: Sr. Oscar Alfredo Angeletti<br \/>\nTesorero: Dr. Carlos Hugo D\u00edaz<br \/>\nPro-tesorero: Dr. Jorge Rodr\u00edguez Setzes<br \/>\nVocales Titulares: Sr. Rub\u00e9n Robledo, Sr. Juan Mart\u00edn Mor\u00e1n, Dra. Mar\u00eda Celia Alem, Sr. Ignacio Pagano Couto.<br \/>\nConsejero Municipal: Sr. Ferm\u00edn Ferreira<br \/>\nVocales Suplentes: Dr. Jos\u00e9 Eseverri, Sr. Walter Vega, Sr. Domingo Soraiz, Dr. Iv\u00e1n Rodr\u00edguez.<br \/>\nS\u00edndico Titular: Dr. Jorge Cataldi<br \/>\nS\u00edndico Suplente: Dr. Am\u00edlcar Dirazar<br \/>\nPresidenta del Cuerpo de Delegados: Sra. Vanesa Andreis<\/li>\n<\/ul>\n","protected":false},"excerpt":{"rendered":"<p>Tras la Asamblea General Ordinaria se distribuyeron los cargos. Vanesa Andreis es la presidenta del Cuerpo de Delegados. El balance<\/p>\n","protected":false},"author":4,"featured_media":101030,"comment_status":"closed","ping_status":"closed","sticky":false,"template":"","format":"standard","meta":{"_jetpack_memberships_contains_paid_content":false,"footnotes":""},"categories":[5,1],"tags":[],"class_list":["post-101026","post","type-post","status-publish","format-standard","has-post-thumbnail","hentry","category-informacion-general","category-portada"],"jetpack_featured_media_url":"https:\/\/i0.wp.com\/cdnoticias.com\/wp-content\/uploads\/2023\/11\/Coopelectric-Asamblea-Ordinaria-1.jpeg?fit=1600%2C1200&ssl=1","jetpack_sharing_enabled":true,"_links":{"self":[{"href":"https:\/\/cdnoticias.com\/index.php\/wp-json\/wp\/v2\/posts\/101026","targetHints":{"allow":["GET"]}}],"collection":[{"href":"https:\/\/cdnoticias.com\/index.php\/wp-json\/wp\/v2\/posts"}],"about":[{"href":"https:\/\/cdnoticias.com\/index.php\/wp-json\/wp\/v2\/types\/post"}],"author":[{"embeddable":true,"href":"https:\/\/cdnoticias.com\/index.php\/wp-json\/wp\/v2\/users\/4"}],"replies":[{"embeddable":true,"href":"https:\/\/cdnoticias.com\/index.php\/wp-json\/wp\/v2\/comments?post=101026"}],"version-history":[{"count":0,"href":"https:\/\/cdnoticias.com\/index.php\/wp-json\/wp\/v2\/posts\/101026\/revisions"}],"wp:featuredmedia":[{"embeddable":true,"href":"https:\/\/cdnoticias.com\/index.php\/wp-json\/wp\/v2\/media\/101030"}],"wp:attachment":[{"href":"https:\/\/cdnoticias.com\/index.php\/wp-json\/wp\/v2\/media?parent=101026"}],"wp:term":[{"taxonomy":"category","embeddable":true,"href":"https:\/\/cdnoticias.com\/index.php\/wp-json\/wp\/v2\/categories?post=101026"},{"taxonomy":"post_tag","embeddable":true,"href":"https:\/\/cdnoticias.com\/index.php\/wp-json\/wp\/v2\/tags?post=101026"}],"curies":[{"name":"wp","href":"https:\/\/api.w.org\/{rel}","templated":true}]}}