{"id":10102,"date":"2020-12-28T20:56:44","date_gmt":"2020-12-28T23:56:44","guid":{"rendered":"http:\/\/www.centraldenoticias.com.ar\/?p=10102"},"modified":"2020-12-28T21:23:23","modified_gmt":"2020-12-29T00:23:23","slug":"hubo-acuerdo-aumento-del-25-para-las-guardias-y-beneficios-en-otras-areas","status":"publish","type":"post","link":"https:\/\/cdnoticias.com\/index.php\/2020\/12\/28\/hubo-acuerdo-aumento-del-25-para-las-guardias-y-beneficios-en-otras-areas\/","title":{"rendered":"Hubo acuerdo: aumento del 25% para las guardias y beneficios en otras \u00e1reas"},"content":{"rendered":"<p>Tras varias horas de negociaci\u00f3n finalmente hubo acuerdo entre el Sindicato de Trabajadores Municipales y el Municipio de Olavarr\u00eda.\u00a0<!--more--><\/p>\n<hr \/>\n<p>En la ma\u00f1ana de este lunes, comenz\u00f3 una<a href=\"https:\/\/cdnoticias.com\/index.php\/2020\/12\/28\/fuerte-protesta-del-sindicato-de-trabajadores-municipales-en-el-palacio-san-martin\/\" target=\"_blank\" rel=\"noopener\"> importante y sorpresiva protesta del Sindicato de Trabajadores Municipales de Olavarr\u00eda en el Municipio.<\/a> El motivo fue reclamar por trabajadores precarizados de varias \u00e1reas, con \u00e9nfasis en Salud.<\/p>\n<p>&nbsp;<\/p>\n<p>Luego de varias horas de manifestaci\u00f3n que incluy\u00f3 una reuni\u00f3n con el secretario de Gobierno, Hilario Galli, y el secretario de Desarrollo Humano Diego Robbiani, finalmente<strong> se logr\u00f3 un acuerdo.<\/strong><\/p>\n<p>&nbsp;<\/p>\n<p>Seg\u00fan indicaron desde el gremio,<strong> se logr\u00f3 un aumento del 25% en las guardias y que m\u00e9dicos y enfermeros precarizados pasen a planta de contratados. \u00a0\u00a0<\/strong><\/p>\n<p>&nbsp;<\/p>\n<p>Adem\u00e1s, <strong>se obtuvo otro aumento del 27% para los adicionales y funciones para toda la \u00f3rbita municipal, no solo para el \u00e1rea de salud.<\/strong><\/p>\n<p>&nbsp;<\/p>\n<p>Horas antes, el secretario general del gremio,<a href=\"https:\/\/cdnoticias.com\/index.php\/2020\/12\/28\/hasta-que-no-finalice-la-precarizacion-laboral-no-nos-vamos-a-retirar\/\" target=\"_blank\" rel=\"noopener\"> Jos\u00e9 Stuppia, confirm\u00f3 reuniones y se\u00f1al\u00f3 que \u201chasta que no finalice la precarizaci\u00f3n laboral no nos vamos a retirar\u201d.<\/a><\/p>\n<p>&nbsp;<\/p>\n<p><img data-recalc-dims=\"1\" loading=\"lazy\" decoding=\"async\" class=\"alignnone size-large wp-image-10047\" src=\"https:\/\/i0.wp.com\/cdnoticias.com\/wp-content\/uploads\/2020\/12\/protesta-municipales1.jpg?resize=800%2C554&#038;ssl=1\" alt=\"\" width=\"800\" height=\"554\" srcset=\"https:\/\/i0.wp.com\/cdnoticias.com\/wp-content\/uploads\/2020\/12\/protesta-municipales1.jpg?resize=1024%2C709&amp;ssl=1 1024w, https:\/\/i0.wp.com\/cdnoticias.com\/wp-content\/uploads\/2020\/12\/protesta-municipales1.jpg?resize=300%2C208&amp;ssl=1 300w, https:\/\/i0.wp.com\/cdnoticias.com\/wp-content\/uploads\/2020\/12\/protesta-municipales1.jpg?resize=768%2C532&amp;ssl=1 768w, https:\/\/i0.wp.com\/cdnoticias.com\/wp-content\/uploads\/2020\/12\/protesta-municipales1.jpg?resize=392%2C272&amp;ssl=1 392w, https:\/\/i0.wp.com\/cdnoticias.com\/wp-content\/uploads\/2020\/12\/protesta-municipales1.jpg?resize=130%2C90&amp;ssl=1 130w, https:\/\/i0.wp.com\/cdnoticias.com\/wp-content\/uploads\/2020\/12\/protesta-municipales1.jpg?w=1040&amp;ssl=1 1040w\" sizes=\"auto, (max-width: 800px) 100vw, 800px\" \/><\/p>\n<p>&nbsp;<\/p>\n<p>Stuppia coment\u00f3 que se enteraron de la situaci\u00f3n\u00a0<em>\u201ccuando cobraron los aguinaldos de los m\u00e9dicos, estaban reducidos del 50% y no se daban cuenta que hab\u00edan traccionado al resto de los compa\u00f1eros m\u00e9dicos que fueron a negociar en junio con Caputo y Waiman. Negociaron las guardias en negro para un supuesto aumento de guardia, a espaldas de la mesa de negociaci\u00f3n\u201d<\/em>\u00a0denunci\u00f3.<\/p>\n<p>&nbsp;<\/p>\n<p>Esto gener\u00f3\u00a0<em>\u201clas quejas de todos los m\u00e9dicos. Nos reunimos, programamos, y decidimos instalarnos en el Municipio hasta que no haya respuestas a los reclamos\u201d.<\/em><\/p>\n<p>&nbsp;<\/p>\n","protected":false},"excerpt":{"rendered":"<p>Tras varias horas de negociaci\u00f3n finalmente hubo acuerdo entre el Sindicato de Trabajadores Municipales y el Municipio de Olavarr\u00eda.\u00a0<\/p>\n","protected":false},"author":5,"featured_media":10044,"comment_status":"closed","ping_status":"closed","sticky":false,"template":"","format":"standard","meta":{"_jetpack_memberships_contains_paid_content":false,"footnotes":""},"categories":[5,1],"tags":[],"class_list":["post-10102","post","type-post","status-publish","format-standard","has-post-thumbnail","hentry","category-informacion-general","category-portada"],"jetpack_featured_media_url":"https:\/\/i0.wp.com\/cdnoticias.com\/wp-content\/uploads\/2020\/12\/WhatsApp-Image-2020-12-28-at-09.25.23.jpeg?fit=1152%2C648&ssl=1","jetpack_sharing_enabled":true,"_links":{"self":[{"href":"https:\/\/cdnoticias.com\/index.php\/wp-json\/wp\/v2\/posts\/10102","targetHints":{"allow":["GET"]}}],"collection":[{"href":"https:\/\/cdnoticias.com\/index.php\/wp-json\/wp\/v2\/posts"}],"about":[{"href":"https:\/\/cdnoticias.com\/index.php\/wp-json\/wp\/v2\/types\/post"}],"author":[{"embeddable":true,"href":"https:\/\/cdnoticias.com\/index.php\/wp-json\/wp\/v2\/users\/5"}],"replies":[{"embeddable":true,"href":"https:\/\/cdnoticias.com\/index.php\/wp-json\/wp\/v2\/comments?post=10102"}],"version-history":[{"count":0,"href":"https:\/\/cdnoticias.com\/index.php\/wp-json\/wp\/v2\/posts\/10102\/revisions"}],"wp:featuredmedia":[{"embeddable":true,"href":"https:\/\/cdnoticias.com\/index.php\/wp-json\/wp\/v2\/media\/10044"}],"wp:attachment":[{"href":"https:\/\/cdnoticias.com\/index.php\/wp-json\/wp\/v2\/media?parent=10102"}],"wp:term":[{"taxonomy":"category","embeddable":true,"href":"https:\/\/cdnoticias.com\/index.php\/wp-json\/wp\/v2\/categories?post=10102"},{"taxonomy":"post_tag","embeddable":true,"href":"https:\/\/cdnoticias.com\/index.php\/wp-json\/wp\/v2\/tags?post=10102"}],"curies":[{"name":"wp","href":"https:\/\/api.w.org\/{rel}","templated":true}]}}