{"id":100993,"date":"2023-11-03T17:19:59","date_gmt":"2023-11-03T20:19:59","guid":{"rendered":"https:\/\/cdnoticias.com\/?p=100993"},"modified":"2023-11-03T17:20:01","modified_gmt":"2023-11-03T20:20:01","slug":"manuel-teixeira-moreira-q-e-p-d","status":"publish","type":"post","link":"https:\/\/cdnoticias.com\/index.php\/2023\/11\/03\/manuel-teixeira-moreira-q-e-p-d\/","title":{"rendered":"Manuel Teixeira Moreira (Q.E.P.D.)"},"content":{"rendered":"\n<p>Falleci\u00f3 en Olavarr\u00eda el d\u00eda 3 de noviembre de 2023 a los 80 a\u00f1os. Su esposa Mar\u00eda de Jes\u00fas Barreiro. Sus hijos Carlos y Silvina Teixeira Moreira. Su hija pol\u00edtica Noelia Stein. Su nieta en el afecto Renata Cocuzza.Sus hermanos, sobrinos, primos, amigos y dem\u00e1s deudos participan su fallecimiento.<\/p>\n\n\n\n<p><\/p>\n\n\n\n<p>Velatorio: Espa\u00f1a 2942 departamento &#8220;D &#8220;. Comienza viernes 3 de noviembre de 17:00 a 21:00. Reabre S\u00e1bado 4 a las 08:00. Responso: Capilla Ardiente. Inhumaci\u00f3n: Cementerio Loma de Paz, s\u00e1bado 4 a las 9:30. <\/p>\n\n\n\n<p><\/p>\n\n\n\n<p>Barrio en el que viv\u00eda: Microcentro<\/p>\n\n\n\n<p>Lugar de nacimiento: Portugal<\/p>\n\n\n\n<p>Actividad que desarrollaba: Jubilado y comerciante<\/p>\n","protected":false},"excerpt":{"rendered":"<p>Falleci\u00f3 en Olavarr\u00eda el d\u00eda 3 de noviembre de 2023 a los 80 a\u00f1os. Su esposa Mar\u00eda de Jes\u00fas Barreiro.<\/p>\n","protected":false},"author":6,"featured_media":100390,"comment_status":"closed","ping_status":"closed","sticky":false,"template":"","format":"standard","meta":{"_jetpack_memberships_contains_paid_content":false,"footnotes":""},"categories":[10],"tags":[],"class_list":["post-100993","post","type-post","status-publish","format-standard","has-post-thumbnail","hentry","category-necrologicas"],"jetpack_featured_media_url":"https:\/\/i0.wp.com\/cdnoticias.com\/wp-content\/uploads\/2023\/10\/necrologicas-390-x-240.jpg?fit=390%2C240&ssl=1","jetpack_sharing_enabled":true,"_links":{"self":[{"href":"https:\/\/cdnoticias.com\/index.php\/wp-json\/wp\/v2\/posts\/100993","targetHints":{"allow":["GET"]}}],"collection":[{"href":"https:\/\/cdnoticias.com\/index.php\/wp-json\/wp\/v2\/posts"}],"about":[{"href":"https:\/\/cdnoticias.com\/index.php\/wp-json\/wp\/v2\/types\/post"}],"author":[{"embeddable":true,"href":"https:\/\/cdnoticias.com\/index.php\/wp-json\/wp\/v2\/users\/6"}],"replies":[{"embeddable":true,"href":"https:\/\/cdnoticias.com\/index.php\/wp-json\/wp\/v2\/comments?post=100993"}],"version-history":[{"count":0,"href":"https:\/\/cdnoticias.com\/index.php\/wp-json\/wp\/v2\/posts\/100993\/revisions"}],"wp:featuredmedia":[{"embeddable":true,"href":"https:\/\/cdnoticias.com\/index.php\/wp-json\/wp\/v2\/media\/100390"}],"wp:attachment":[{"href":"https:\/\/cdnoticias.com\/index.php\/wp-json\/wp\/v2\/media?parent=100993"}],"wp:term":[{"taxonomy":"category","embeddable":true,"href":"https:\/\/cdnoticias.com\/index.php\/wp-json\/wp\/v2\/categories?post=100993"},{"taxonomy":"post_tag","embeddable":true,"href":"https:\/\/cdnoticias.com\/index.php\/wp-json\/wp\/v2\/tags?post=100993"}],"curies":[{"name":"wp","href":"https:\/\/api.w.org\/{rel}","templated":true}]}}