{"id":100957,"date":"2023-11-02T21:15:30","date_gmt":"2023-11-03T00:15:30","guid":{"rendered":"https:\/\/cdnoticias.com\/?p=100957"},"modified":"2023-11-02T21:16:01","modified_gmt":"2023-11-03T00:16:01","slug":"las-boletas-del-22-de-octubre-seran-validas-para-el-balotaje","status":"publish","type":"post","link":"https:\/\/cdnoticias.com\/index.php\/2023\/11\/02\/las-boletas-del-22-de-octubre-seran-validas-para-el-balotaje\/","title":{"rendered":"Las boletas del 22 de octubre ser\u00e1n v\u00e1lidas para el Balotaje"},"content":{"rendered":"\n<p>As\u00ed lo confirm\u00f3 la Junta Electoral Nacional este jueves. Se tom\u00f3 en cuenta el antecedente de 2015, con el balotaje entre Daniel Scioli y Mauricio Macri.<\/p>\n\n\n\n<hr class=\"wp-block-separator aligncenter has-alpha-channel-opacity\"\/>\n\n\n\n<p>Este jueves,<strong> la Junta Electoral Nacional confirm\u00f3 que las boletas con fecha del 22 de octubre ser\u00e1n v\u00e1lidas para sufragar en el balotaje del pr\u00f3ximo 19 de noviembre.<\/strong><\/p>\n\n\n\n<p>La decisi\u00f3n fue tomada a trav\u00e9s de una resoluci\u00f3n del organismo difundida en las \u00faltimas horas y<strong> toma como antecedente la elecci\u00f3n de 2015, para la cual se tom\u00f3 la misma decisi\u00f3n para la segunda vuelta.<\/strong><\/p>\n\n\n\n<blockquote class=\"wp-block-quote is-layout-flow wp-block-quote-is-layout-flow\">\n<p>La resoluci\u00f3n declara como \u201cboletas v\u00e1lidas\u201d para el balotaje \u201clas que fueran oficializadas para los comicios del 22 de octubre de 2023, en la categor\u00eda de candidatos a presidente y vicepresidente\u201d, y \u201clas que respetando el dise\u00f1o de las utilizadas\u201d en la primera vuelta hayan modificado la fecha por el 19 de noviembre y no presenten otro cambio.<\/p>\n<\/blockquote>\n\n\n\n<p>En sus considerandos, la normativa se\u00f1ala que se <strong>busca tomar medidas \u201ctendientes\u201d para \u201clograr la mayor transparencia\u201d y \u201cevitar confusi\u00f3n entre el electorado, y que se desvirt\u00fae el significado que este le ha conferido a su voto\u201d.<\/strong><\/p>\n\n\n\n<p>En esa l\u00ednea, explica que<em><strong> \u201cexistir\u00eda un gran n\u00famero de boletas sobrantes de los comicios del 22 de octubre\u201d<\/strong><\/em> que \u201cpodr\u00edan ser utilizadas para el acto venidero\u201d, y que la fecha podr\u00eda pasar inadvertida por quienes emitan su sufragio.<\/p>\n","protected":false},"excerpt":{"rendered":"<p>As\u00ed lo confirm\u00f3 la Junta Electoral Nacional este jueves. Se tom\u00f3 en cuenta el antecedente de 2015, con el balotaje<\/p>\n","protected":false},"author":2,"featured_media":100959,"comment_status":"closed","ping_status":"closed","sticky":false,"template":"","format":"standard","meta":{"_jetpack_memberships_contains_paid_content":false,"footnotes":""},"categories":[6,1],"tags":[],"class_list":["post-100957","post","type-post","status-publish","format-standard","has-post-thumbnail","hentry","category-nacionales","category-portada"],"jetpack_featured_media_url":"https:\/\/i0.wp.com\/cdnoticias.com\/wp-content\/uploads\/2023\/11\/boletas-22-octubre.jpg?fit=622%2C484&ssl=1","jetpack_sharing_enabled":true,"_links":{"self":[{"href":"https:\/\/cdnoticias.com\/index.php\/wp-json\/wp\/v2\/posts\/100957","targetHints":{"allow":["GET"]}}],"collection":[{"href":"https:\/\/cdnoticias.com\/index.php\/wp-json\/wp\/v2\/posts"}],"about":[{"href":"https:\/\/cdnoticias.com\/index.php\/wp-json\/wp\/v2\/types\/post"}],"author":[{"embeddable":true,"href":"https:\/\/cdnoticias.com\/index.php\/wp-json\/wp\/v2\/users\/2"}],"replies":[{"embeddable":true,"href":"https:\/\/cdnoticias.com\/index.php\/wp-json\/wp\/v2\/comments?post=100957"}],"version-history":[{"count":0,"href":"https:\/\/cdnoticias.com\/index.php\/wp-json\/wp\/v2\/posts\/100957\/revisions"}],"wp:featuredmedia":[{"embeddable":true,"href":"https:\/\/cdnoticias.com\/index.php\/wp-json\/wp\/v2\/media\/100959"}],"wp:attachment":[{"href":"https:\/\/cdnoticias.com\/index.php\/wp-json\/wp\/v2\/media?parent=100957"}],"wp:term":[{"taxonomy":"category","embeddable":true,"href":"https:\/\/cdnoticias.com\/index.php\/wp-json\/wp\/v2\/categories?post=100957"},{"taxonomy":"post_tag","embeddable":true,"href":"https:\/\/cdnoticias.com\/index.php\/wp-json\/wp\/v2\/tags?post=100957"}],"curies":[{"name":"wp","href":"https:\/\/api.w.org\/{rel}","templated":true}]}}