{"id":100949,"date":"2023-11-02T19:10:10","date_gmt":"2023-11-02T22:10:10","guid":{"rendered":"https:\/\/cdnoticias.com\/?p=100949"},"modified":"2023-11-03T09:38:38","modified_gmt":"2023-11-03T12:38:38","slug":"el-sueno-del-techo-propio-el-mte-construira-un-barrio-para-trabajadores-de-la-economia-popular","status":"publish","type":"post","link":"https:\/\/cdnoticias.com\/index.php\/2023\/11\/02\/el-sueno-del-techo-propio-el-mte-construira-un-barrio-para-trabajadores-de-la-economia-popular\/","title":{"rendered":"El sue\u00f1o del techo propio: El MTE construir\u00e1 un barrio para trabajadores de la econom\u00eda popular"},"content":{"rendered":"\n<p>\u201cHoy familias olavarrienses de la econom\u00eda popular son m\u00e1s felices, tienen un sue\u00f1o en marcha y colectivamente comienzan a proyectar la realidad del hogar a trav\u00e9s de la autoconstrucci\u00f3n y la organizaci\u00f3n\u201d expresaron desde el MTE.<\/p>\n\n\n\n<hr class=\"wp-block-separator aligncenter has-alpha-channel-opacity\"\/>\n\n\n\n<p>Este mi\u00e9rcoles en el Club el Fort\u00edn la comisi\u00f3n organizadora present\u00f3 el proyecto de<strong> lotes con servicio y posterior autoconstrucci\u00f3n de viviendas destinado a trabajadores de la econom\u00eda popular.<\/strong><\/p>\n\n\n\n<p><\/p>\n\n\n\n<p><strong><em>\u201cA trav\u00e9s de este hecho hist\u00f3rico, familias de trabajadores y trabajadoras de la econom\u00eda popular acceder\u00e1n a un lote con servicios para poder estar cada vez m\u00e1s cerca del sue\u00f1o de la casa propia, demostrando que la organizaci\u00f3n popular es la soluci\u00f3n en la lucha por tierra, techo y trabajo y no un problema como quieren instalar desde muchos espacios\u201d<\/em><\/strong> indicaron desde el MTE.<\/p>\n\n\n\n<figure class=\"wp-block-image aligncenter size-large\"><img data-recalc-dims=\"1\" loading=\"lazy\" decoding=\"async\" width=\"800\" height=\"623\" src=\"https:\/\/i0.wp.com\/cdnoticias.com\/wp-content\/uploads\/2023\/11\/mte-barrio-propio-2.jpeg?resize=800%2C623&#038;ssl=1\" alt=\"\" class=\"wp-image-100954\" srcset=\"https:\/\/i0.wp.com\/cdnoticias.com\/wp-content\/uploads\/2023\/11\/mte-barrio-propio-2.jpeg?resize=1024%2C797&amp;ssl=1 1024w, https:\/\/i0.wp.com\/cdnoticias.com\/wp-content\/uploads\/2023\/11\/mte-barrio-propio-2.jpeg?resize=300%2C234&amp;ssl=1 300w, https:\/\/i0.wp.com\/cdnoticias.com\/wp-content\/uploads\/2023\/11\/mte-barrio-propio-2.jpeg?resize=768%2C598&amp;ssl=1 768w, https:\/\/i0.wp.com\/cdnoticias.com\/wp-content\/uploads\/2023\/11\/mte-barrio-propio-2.jpeg?resize=1536%2C1196&amp;ssl=1 1536w, https:\/\/i0.wp.com\/cdnoticias.com\/wp-content\/uploads\/2023\/11\/mte-barrio-propio-2.jpeg?w=1600&amp;ssl=1 1600w\" sizes=\"auto, (max-width: 800px) 100vw, 800px\" \/><\/figure>\n\n\n\n<blockquote class=\"wp-block-quote is-layout-flow wp-block-quote-is-layout-flow\">\n<p>Adem\u00e1s, indicaron que \u201ceste proyecto tiene un esp\u00edritu profundamente comunitario y significa una lucha concreta contra la desigualdad que hace que cada vez m\u00e1s personas puedan so\u00f1ar con tener un techo, adem\u00e1s del acceso a la tierra la organizaci\u00f3n plante la construcci\u00f3n de un barrio organizado desde el inicio, donde podamos dejar afuera muchos de los males que esta sociedad tiene instalados y que perturba la vida de muchos vecinos y vecinas de barrios populares, donde las familias puedan criar sus hijos en un ambiente totalmente sano\u201d.<\/p>\n<\/blockquote>\n\n\n\n<p><\/p>\n\n\n\n<p>Por \u00faltimo cerraron: \u201c<strong><em>Hoy familias olavarrienses de la econom\u00eda popular son m\u00e1s felices, tienen un sue\u00f1o en marcha y colectivamente comienzan a proyectar la realidad del hogar a trav\u00e9s de la autoconstrucci\u00f3n y la organizaci\u00f3n<\/em><\/strong>\u201d.<\/p>\n\n\n\n<p><\/p>\n","protected":false},"excerpt":{"rendered":"<p>\u201cHoy familias olavarrienses de la econom\u00eda popular son m\u00e1s felices, tienen un sue\u00f1o en marcha y colectivamente comienzan a proyectar<\/p>\n","protected":false},"author":6,"featured_media":100953,"comment_status":"closed","ping_status":"closed","sticky":false,"template":"","format":"standard","meta":{"_jetpack_memberships_contains_paid_content":false,"footnotes":""},"categories":[5,1],"tags":[],"class_list":["post-100949","post","type-post","status-publish","format-standard","has-post-thumbnail","hentry","category-informacion-general","category-portada"],"jetpack_featured_media_url":"https:\/\/i0.wp.com\/cdnoticias.com\/wp-content\/uploads\/2023\/11\/mte-barrio-propio-1.jpeg?fit=1600%2C900&ssl=1","jetpack_sharing_enabled":true,"_links":{"self":[{"href":"https:\/\/cdnoticias.com\/index.php\/wp-json\/wp\/v2\/posts\/100949","targetHints":{"allow":["GET"]}}],"collection":[{"href":"https:\/\/cdnoticias.com\/index.php\/wp-json\/wp\/v2\/posts"}],"about":[{"href":"https:\/\/cdnoticias.com\/index.php\/wp-json\/wp\/v2\/types\/post"}],"author":[{"embeddable":true,"href":"https:\/\/cdnoticias.com\/index.php\/wp-json\/wp\/v2\/users\/6"}],"replies":[{"embeddable":true,"href":"https:\/\/cdnoticias.com\/index.php\/wp-json\/wp\/v2\/comments?post=100949"}],"version-history":[{"count":0,"href":"https:\/\/cdnoticias.com\/index.php\/wp-json\/wp\/v2\/posts\/100949\/revisions"}],"wp:featuredmedia":[{"embeddable":true,"href":"https:\/\/cdnoticias.com\/index.php\/wp-json\/wp\/v2\/media\/100953"}],"wp:attachment":[{"href":"https:\/\/cdnoticias.com\/index.php\/wp-json\/wp\/v2\/media?parent=100949"}],"wp:term":[{"taxonomy":"category","embeddable":true,"href":"https:\/\/cdnoticias.com\/index.php\/wp-json\/wp\/v2\/categories?post=100949"},{"taxonomy":"post_tag","embeddable":true,"href":"https:\/\/cdnoticias.com\/index.php\/wp-json\/wp\/v2\/tags?post=100949"}],"curies":[{"name":"wp","href":"https:\/\/api.w.org\/{rel}","templated":true}]}}