{"id":100931,"date":"2023-11-02T17:54:03","date_gmt":"2023-11-02T20:54:03","guid":{"rendered":"https:\/\/cdnoticias.com\/?p=100931"},"modified":"2023-11-02T17:54:04","modified_gmt":"2023-11-02T20:54:04","slug":"quienes-integramos-la-familia-del-turismo-nacional-rogamos-por-tu-eterno-descanso-en-paz","status":"publish","type":"post","link":"https:\/\/cdnoticias.com\/index.php\/2023\/11\/02\/quienes-integramos-la-familia-del-turismo-nacional-rogamos-por-tu-eterno-descanso-en-paz\/","title":{"rendered":"\u201cQuienes integramos la familia del Turismo Nacional rogamos por tu eterno descanso en paz\u201d"},"content":{"rendered":"\n<p>La Asociaci\u00f3n de Pilotos Autom\u00f3viles Turismo (APAT) manifest\u00f3 sus condolencias por el fallecimiento del \u201cChapul\u00edn\u201d. M\u00e1s despedidas de medios y dirigentes locales y nacionales.<\/p>\n\n\n\n<hr class=\"wp-block-separator aligncenter has-alpha-channel-opacity\"\/>\n\n\n\n<p><strong>La Asociaci\u00f3n Pilotos Autom\u00f3viles Turismo (APAT) que integra la categor\u00eda Turismo Nacional<\/strong>, emiti\u00f3 un comunicado de condolencias a la familia y los amigos de Agust\u00edn \u201cChapul\u00edn\u201d Herrera, quien falleci\u00f3 en el mediod\u00eda de este jueves en un siniestro vial en ruta 205.<\/p>\n\n\n\n<blockquote class=\"wp-block-quote is-layout-flow wp-block-quote-is-layout-flow\">\n<p>La APAT manifest\u00f3 su \u201chondo pesar\u201d por el hecho, y record\u00f3 que se desempe\u00f1aba en la temporada 2023 en el Campeonato Argentino R\u00edo Uruguay Seguros de Turismo Nacional Clase 3.<\/p>\n<\/blockquote>\n\n\n\n<p><em>\u201cNacido el 10 de noviembre de 1989, el piloto olavarriense, sobrino del ex piloto de Turismo Carretera, Jos\u00e9 Mar\u00eda Romero (Chueco), debut\u00f3 en el Turismo Nacional el 15 de abril de 2012 en el Aut\u00f3dromo Rosendo Hern\u00e1ndez (San Luis), a los mandos de un Renault Clio atendido por el equipo Tigre Racing\u201d.<\/em><\/p>\n\n\n\n<figure class=\"wp-block-embed is-type-rich is-provider-twitter wp-block-embed-twitter\"><div class=\"wp-block-embed__wrapper\">\n<blockquote class=\"twitter-tweet\" data-width=\"550\" data-dnt=\"true\"><p lang=\"es\" dir=\"ltr\">Condolencias por el fallecimiento del piloto Agust\u00edn Herrera<a href=\"https:\/\/twitter.com\/hashtag\/TurismoNacional?src=hash&amp;ref_src=twsrc%5Etfw\">#TurismoNacional<\/a><br><br>\ud83d\uddb1\ufe0f <a href=\"https:\/\/t.co\/jmBjX4dxZk\">https:\/\/t.co\/jmBjX4dxZk<\/a> <a href=\"https:\/\/t.co\/yAjALhOmrE\">pic.twitter.com\/yAjALhOmrE<\/a><\/p>&mdash; Turismo Nacional (@prensatn) <a href=\"https:\/\/twitter.com\/prensatn\/status\/1720172996608815262?ref_src=twsrc%5Etfw\">November 2, 2023<\/a><\/blockquote><script async src=\"https:\/\/platform.twitter.com\/widgets.js\" charset=\"utf-8\"><\/script>\n<\/div><\/figure>\n\n\n\n<p><em><strong>\u201cActualmente, integraba el plantel de pilotos de Clase 3 compitiendo a bordo de un Ford Focus atendido por el equipo GR Competici\u00f3n\u201d<\/strong><\/em> agregaron.<\/p>\n\n\n\n<p>Resaltaron como su hito m\u00e1s destacado <strong>el subcampeonato de la Clase 2 en la temporada 2019 \u201csobre un Renault Clio atendido por GR Competici\u00f3n, motorizado por Esteban Pou. En esta divisional logr\u00f3 su \u00faltima victoria, el 01\/09\/2019 en el Circuito Termas de R\u00edo Hondo (Santiago del Estero)\u201d.<\/strong><\/p>\n\n\n\n<p><em>\u201cQuienes integramos la familia del Turismo Nacional, acompa\u00f1amos en este triste momento a sus familiares, amigos y allegados, rogando por su eterno descanso en paz\u201d.<\/em><\/p>\n\n\n\n<p>A su vez, categor\u00edas como <strong>Top Race, y reconocidos medios especializados como Carburando y Campeones emitieron sentidos mensajes en sus redes sociales.<\/strong><\/p>\n\n\n\n<p>Incluso, Carburando decidieron<em><strong> \u201crecordarte con esta alegr\u00eda y humor que tanto te caracterizaba\u201d.<\/strong><\/em><\/p>\n\n\n\n<figure class=\"wp-block-embed is-type-rich is-provider-twitter wp-block-embed-twitter\"><div class=\"wp-block-embed__wrapper\">\n<blockquote class=\"twitter-tweet\" data-width=\"550\" data-dnt=\"true\"><p lang=\"es\" dir=\"ltr\">El automovilismo argentino vive una jornada de profunda tristeza tras el fallecimiento del piloto Agust\u00edn Herrera.<br><br>Te recordaremos con esta alegr\u00eda y humor que tanto te caracterizaba. \u00a1Hasta siempre, Agust\u00edn! \u2665\ufe0f <a href=\"https:\/\/t.co\/5uNLAQa731\">pic.twitter.com\/5uNLAQa731<\/a><\/p>&mdash; Carburando (@CarburandoTV) <a href=\"https:\/\/twitter.com\/CarburandoTV\/status\/1720173572973343069?ref_src=twsrc%5Etfw\">November 2, 2023<\/a><\/blockquote><script async src=\"https:\/\/platform.twitter.com\/widgets.js\" charset=\"utf-8\"><\/script>\n<\/div><\/figure>\n\n\n\n<figure class=\"wp-block-embed is-type-rich is-provider-twitter wp-block-embed-twitter\"><div class=\"wp-block-embed__wrapper\">\n<blockquote class=\"twitter-tweet\" data-width=\"550\" data-dnt=\"true\"><p lang=\"es\" dir=\"ltr\">Todos los que formamos Tango Motorsports queremos expresar nuestro profundo dolor por el fallecimiento de Agust\u00edn Herrera, ocurrido en el d\u00eda de la fecha, record\u00e1ndolo por su paso en TC2000 Series y Top Race V6.<br><br>A sus familiares y amigos, nuestras condolencias. <a href=\"https:\/\/t.co\/glUTmjC3CH\">pic.twitter.com\/glUTmjC3CH<\/a><\/p>&mdash; Top Race (@TopRaceOk) <a href=\"https:\/\/twitter.com\/TopRaceOk\/status\/1720179919727063451?ref_src=twsrc%5Etfw\">November 2, 2023<\/a><\/blockquote><script async src=\"https:\/\/platform.twitter.com\/widgets.js\" charset=\"utf-8\"><\/script>\n<\/div><\/figure>\n","protected":false},"excerpt":{"rendered":"<p>La Asociaci\u00f3n de Pilotos Autom\u00f3viles Turismo (APAT) manifest\u00f3 sus condolencias por el fallecimiento del \u201cChapul\u00edn\u201d. M\u00e1s despedidas de medios y<\/p>\n","protected":false},"author":2,"featured_media":100935,"comment_status":"closed","ping_status":"closed","sticky":false,"template":"","format":"standard","meta":{"_jetpack_memberships_contains_paid_content":false,"footnotes":""},"categories":[5,1],"tags":[],"class_list":["post-100931","post","type-post","status-publish","format-standard","has-post-thumbnail","hentry","category-informacion-general","category-portada"],"jetpack_featured_media_url":"https:\/\/i0.wp.com\/cdnoticias.com\/wp-content\/uploads\/2023\/11\/herrera-agustin.jpg?fit=951%2C537&ssl=1","jetpack_sharing_enabled":true,"_links":{"self":[{"href":"https:\/\/cdnoticias.com\/index.php\/wp-json\/wp\/v2\/posts\/100931","targetHints":{"allow":["GET"]}}],"collection":[{"href":"https:\/\/cdnoticias.com\/index.php\/wp-json\/wp\/v2\/posts"}],"about":[{"href":"https:\/\/cdnoticias.com\/index.php\/wp-json\/wp\/v2\/types\/post"}],"author":[{"embeddable":true,"href":"https:\/\/cdnoticias.com\/index.php\/wp-json\/wp\/v2\/users\/2"}],"replies":[{"embeddable":true,"href":"https:\/\/cdnoticias.com\/index.php\/wp-json\/wp\/v2\/comments?post=100931"}],"version-history":[{"count":0,"href":"https:\/\/cdnoticias.com\/index.php\/wp-json\/wp\/v2\/posts\/100931\/revisions"}],"wp:featuredmedia":[{"embeddable":true,"href":"https:\/\/cdnoticias.com\/index.php\/wp-json\/wp\/v2\/media\/100935"}],"wp:attachment":[{"href":"https:\/\/cdnoticias.com\/index.php\/wp-json\/wp\/v2\/media?parent=100931"}],"wp:term":[{"taxonomy":"category","embeddable":true,"href":"https:\/\/cdnoticias.com\/index.php\/wp-json\/wp\/v2\/categories?post=100931"},{"taxonomy":"post_tag","embeddable":true,"href":"https:\/\/cdnoticias.com\/index.php\/wp-json\/wp\/v2\/tags?post=100931"}],"curies":[{"name":"wp","href":"https:\/\/api.w.org\/{rel}","templated":true}]}}