{"id":10092,"date":"2020-12-28T18:58:11","date_gmt":"2020-12-28T21:58:11","guid":{"rendered":"http:\/\/www.centraldenoticias.com.ar\/?p=10092"},"modified":"2020-12-28T18:58:11","modified_gmt":"2020-12-28T21:58:11","slug":"donaron-banderas-al-complejo-penitenciario-centro-zona-sur","status":"publish","type":"post","link":"https:\/\/cdnoticias.com\/index.php\/2020\/12\/28\/donaron-banderas-al-complejo-penitenciario-centro-zona-sur\/","title":{"rendered":"Donaron banderas al Complejo Penitenciario Centro Zona Sur"},"content":{"rendered":"<p>Se trat\u00f3 de una bandera Nacional y otra Bonaerense, que fueron entregadas por el diputado provincial C\u00e9sar Valicenti.<!--more--><\/p>\n<hr \/>\n<p><strong>\u201cEste presente permite que el personal honre los s\u00edmbolos patrios que forman parte de nuestra identidad y nos representan ante el mundo en todos los \u00e1mbitos\u201d<\/strong>, pondero el inspector mayor Dar\u00edo Castagnino, jefe del Complejo Penitenciario Centro Zona Sur, que tiene sede en Sierra Chica, al referirse a la donaci\u00f3n de dos banderas que recibieron en las ultimas horas.<\/p>\n<p>&nbsp;<\/p>\n<p><img data-recalc-dims=\"1\" loading=\"lazy\" decoding=\"async\" class=\"alignnone size-large wp-image-10094\" src=\"https:\/\/i0.wp.com\/cdnoticias.com\/wp-content\/uploads\/2020\/12\/CCZS-Donaci%C3%B3n-de-banderas-diciembre-2020-2-1024x768.jpeg?resize=800%2C600&#038;ssl=1\" alt=\"\" width=\"800\" height=\"600\" srcset=\"https:\/\/i0.wp.com\/cdnoticias.com\/wp-content\/uploads\/2020\/12\/CCZS-Donaci%C3%B3n-de-banderas-diciembre-2020-2.jpeg?resize=1024%2C768&amp;ssl=1 1024w, https:\/\/i0.wp.com\/cdnoticias.com\/wp-content\/uploads\/2020\/12\/CCZS-Donaci%C3%B3n-de-banderas-diciembre-2020-2.jpeg?resize=300%2C225&amp;ssl=1 300w, https:\/\/i0.wp.com\/cdnoticias.com\/wp-content\/uploads\/2020\/12\/CCZS-Donaci%C3%B3n-de-banderas-diciembre-2020-2.jpeg?resize=768%2C576&amp;ssl=1 768w, https:\/\/i0.wp.com\/cdnoticias.com\/wp-content\/uploads\/2020\/12\/CCZS-Donaci%C3%B3n-de-banderas-diciembre-2020-2.jpeg?w=1040&amp;ssl=1 1040w\" sizes=\"auto, (max-width: 800px) 100vw, 800px\" \/><\/p>\n<p>&nbsp;<\/p>\n<p>Seg\u00fan se detall\u00f3, se trat\u00f3 de dos banderas de flameo, una Nacional y una Bonaerense para \u201cengalanar el m\u00e1stil de ingreso a la instituci\u00f3n\u201d. En la comunicaci\u00f3n se agreg\u00f3 que<strong> la entrega fue realizada por el diputado provincial por el Frente de Todos C\u00e9sar Valicenti.<\/strong><\/p>\n<p>&nbsp;<\/p>\n<p><img data-recalc-dims=\"1\" loading=\"lazy\" decoding=\"async\" class=\"alignnone size-large wp-image-10093\" src=\"https:\/\/i0.wp.com\/cdnoticias.com\/wp-content\/uploads\/2020\/12\/CCZS-Donaci%C3%B3n-de-banderas-diciembre-2020-1-1024x768.jpeg?resize=800%2C600&#038;ssl=1\" alt=\"\" width=\"800\" height=\"600\" srcset=\"https:\/\/i0.wp.com\/cdnoticias.com\/wp-content\/uploads\/2020\/12\/CCZS-Donaci%C3%B3n-de-banderas-diciembre-2020-1.jpeg?resize=1024%2C768&amp;ssl=1 1024w, https:\/\/i0.wp.com\/cdnoticias.com\/wp-content\/uploads\/2020\/12\/CCZS-Donaci%C3%B3n-de-banderas-diciembre-2020-1.jpeg?resize=300%2C225&amp;ssl=1 300w, https:\/\/i0.wp.com\/cdnoticias.com\/wp-content\/uploads\/2020\/12\/CCZS-Donaci%C3%B3n-de-banderas-diciembre-2020-1.jpeg?resize=768%2C576&amp;ssl=1 768w, https:\/\/i0.wp.com\/cdnoticias.com\/wp-content\/uploads\/2020\/12\/CCZS-Donaci%C3%B3n-de-banderas-diciembre-2020-1.jpeg?w=1040&amp;ssl=1 1040w\" sizes=\"auto, (max-width: 800px) 100vw, 800px\" \/><\/p>\n<p>&nbsp;<\/p>\n<p><strong>\u201cEstoy muy agradecido y valoro el gesto honorable que ha tenido el Diputado\u201d<\/strong>, complet\u00f3 Castagnino.<\/p>\n<p>&nbsp;<\/p>\n","protected":false},"excerpt":{"rendered":"<p>Se trat\u00f3 de una bandera Nacional y otra Bonaerense, que fueron entregadas por el diputado provincial C\u00e9sar Valicenti.<\/p>\n","protected":false},"author":3,"featured_media":10095,"comment_status":"closed","ping_status":"closed","sticky":false,"template":"","format":"standard","meta":{"_jetpack_memberships_contains_paid_content":false,"footnotes":""},"categories":[5],"tags":[],"class_list":["post-10092","post","type-post","status-publish","format-standard","has-post-thumbnail","hentry","category-informacion-general"],"jetpack_featured_media_url":"https:\/\/i0.wp.com\/cdnoticias.com\/wp-content\/uploads\/2020\/12\/CCZS-Donaci%C3%B3n-de-banderas-diciembre-2020-3.jpeg?fit=1280%2C882&ssl=1","jetpack_sharing_enabled":true,"_links":{"self":[{"href":"https:\/\/cdnoticias.com\/index.php\/wp-json\/wp\/v2\/posts\/10092","targetHints":{"allow":["GET"]}}],"collection":[{"href":"https:\/\/cdnoticias.com\/index.php\/wp-json\/wp\/v2\/posts"}],"about":[{"href":"https:\/\/cdnoticias.com\/index.php\/wp-json\/wp\/v2\/types\/post"}],"author":[{"embeddable":true,"href":"https:\/\/cdnoticias.com\/index.php\/wp-json\/wp\/v2\/users\/3"}],"replies":[{"embeddable":true,"href":"https:\/\/cdnoticias.com\/index.php\/wp-json\/wp\/v2\/comments?post=10092"}],"version-history":[{"count":0,"href":"https:\/\/cdnoticias.com\/index.php\/wp-json\/wp\/v2\/posts\/10092\/revisions"}],"wp:featuredmedia":[{"embeddable":true,"href":"https:\/\/cdnoticias.com\/index.php\/wp-json\/wp\/v2\/media\/10095"}],"wp:attachment":[{"href":"https:\/\/cdnoticias.com\/index.php\/wp-json\/wp\/v2\/media?parent=10092"}],"wp:term":[{"taxonomy":"category","embeddable":true,"href":"https:\/\/cdnoticias.com\/index.php\/wp-json\/wp\/v2\/categories?post=10092"},{"taxonomy":"post_tag","embeddable":true,"href":"https:\/\/cdnoticias.com\/index.php\/wp-json\/wp\/v2\/tags?post=10092"}],"curies":[{"name":"wp","href":"https:\/\/api.w.org\/{rel}","templated":true}]}}