{"id":100916,"date":"2023-11-02T14:06:10","date_gmt":"2023-11-02T17:06:10","guid":{"rendered":"https:\/\/cdnoticias.com\/?p=100916"},"modified":"2023-11-02T14:06:11","modified_gmt":"2023-11-02T17:06:11","slug":"venta-de-drogas-en-azul-detenidas-por-integrar-una-red-que-comandaba-un-recluso","status":"publish","type":"post","link":"https:\/\/cdnoticias.com\/index.php\/2023\/11\/02\/venta-de-drogas-en-azul-detenidas-por-integrar-una-red-que-comandaba-un-recluso\/","title":{"rendered":"Venta de drogas en Azul: detenidas por integrar una red que comandaba un recluso"},"content":{"rendered":"\n<p>  Tres mujeres fueron arrestadas en la vecina localidad. Se las acusa de vender marihuana y coca\u00edna. Un interno del Penal de Urdampilleta es sospechado de liderar la organizaci\u00f3n. <p class=\"MsoNormal\"><o:p>\u00a0<\/o:p><\/p><\/p>\n\n\n\n<!--more-->\n\n\n\n<hr class=\"wp-block-separator has-alpha-channel-opacity\"\/>\n\n\n\n<p> <\/p>\n\n\n\n<p><p class=\"MsoNormal\">Las <strong>Delegaciones de Drogas Il\u00edcitas de Azul y General\u00a0 Alvear<\/strong> llevaron adelante <strong>allanamientos y detenciones<\/strong> en el marco de una importante investigaci\u00f3n por comercio de estupefacientes en Azul. <strong>Tres mujeres fueron arrestadas<\/strong> en las \u00faltimas horas en esa localidad.<\/p> <p class=\"MsoNormal\"><o:p>\u00a0<\/o:p> La actuaciones estuvieron a cargo de la <strong>UFI azule\u00f1a N\u00ba 22<\/strong> que encabeza el <strong>fiscal Lucas Moyano<\/strong>. Se extendieron por varios meses e incluyeron diversas tareas de inteligencia y an\u00e1lisis de comunicaciones.<\/p>  <p class=\"MsoNormal\">Con ello se estableci\u00f3 que <strong>un hombre de Azul que se halla detenido<\/strong> alojado en la <strong>sede Penitenciaria de Urdampilleta<\/strong> operaba desde all\u00ed una<strong> organizaci\u00f3n dedicada al comercio de marihuana y clorhidrato de coca\u00edna<\/strong>.<\/p> \u00a0 <p class=\"MsoNormal\">La investigaci\u00f3n logr\u00f3 un <strong>importante avance en mayo pasado<\/strong> con la realizaci\u00f3n de <strong>tres allanamientos en domicilios de Azul y uno en el Penal de Urdampilleta<\/strong>. Se logr\u00f3 as\u00ed sumar nuevos elementos probatorios.<\/p> <p class=\"MsoNormal\"><o:p>\u00a0<\/o:p>En tanto,<strong> este mi\u00e9rcoles<\/strong> el Juzgado de Garant\u00edas interviniente orden\u00f3 que se realicen otros <strong>cuatro allanamientos en Azul<\/strong> y la <strong>detenci\u00f3n de tres mujeres mayores de edad quienes eran participes de la organizaci\u00f3n liderada por el recluso<\/strong>.<\/p> <p class=\"MsoNormal\"><o:p>\u00a0<\/o:p>Las medidas fueron efectivizadas por el Personal de la Delegaci\u00f3n de Drogas Il\u00edcitas de Azul. En esa sede policial quedaron alojadas las acusadas y se aguarda su traslado a una Unidad Carcelaria.<\/p> <\/p>\n","protected":false},"excerpt":{"rendered":"<p>Tres mujeres fueron arrestadas en la vecina localidad. Se las acusa de vender marihuana y coca\u00edna. Un interno del Penal<\/p>\n","protected":false},"author":4,"featured_media":100917,"comment_status":"closed","ping_status":"closed","sticky":false,"template":"","format":"standard","meta":{"_jetpack_memberships_contains_paid_content":false,"footnotes":""},"categories":[6,1],"tags":[],"class_list":["post-100916","post","type-post","status-publish","format-standard","has-post-thumbnail","hentry","category-nacionales","category-portada"],"jetpack_featured_media_url":"https:\/\/i0.wp.com\/cdnoticias.com\/wp-content\/uploads\/2023\/11\/Azul-drogas-detenidas-00.jpg?fit=800%2C445&ssl=1","jetpack_sharing_enabled":true,"_links":{"self":[{"href":"https:\/\/cdnoticias.com\/index.php\/wp-json\/wp\/v2\/posts\/100916","targetHints":{"allow":["GET"]}}],"collection":[{"href":"https:\/\/cdnoticias.com\/index.php\/wp-json\/wp\/v2\/posts"}],"about":[{"href":"https:\/\/cdnoticias.com\/index.php\/wp-json\/wp\/v2\/types\/post"}],"author":[{"embeddable":true,"href":"https:\/\/cdnoticias.com\/index.php\/wp-json\/wp\/v2\/users\/4"}],"replies":[{"embeddable":true,"href":"https:\/\/cdnoticias.com\/index.php\/wp-json\/wp\/v2\/comments?post=100916"}],"version-history":[{"count":0,"href":"https:\/\/cdnoticias.com\/index.php\/wp-json\/wp\/v2\/posts\/100916\/revisions"}],"wp:featuredmedia":[{"embeddable":true,"href":"https:\/\/cdnoticias.com\/index.php\/wp-json\/wp\/v2\/media\/100917"}],"wp:attachment":[{"href":"https:\/\/cdnoticias.com\/index.php\/wp-json\/wp\/v2\/media?parent=100916"}],"wp:term":[{"taxonomy":"category","embeddable":true,"href":"https:\/\/cdnoticias.com\/index.php\/wp-json\/wp\/v2\/categories?post=100916"},{"taxonomy":"post_tag","embeddable":true,"href":"https:\/\/cdnoticias.com\/index.php\/wp-json\/wp\/v2\/tags?post=100916"}],"curies":[{"name":"wp","href":"https:\/\/api.w.org\/{rel}","templated":true}]}}