{"id":10089,"date":"2020-12-28T18:46:54","date_gmt":"2020-12-28T21:46:54","guid":{"rendered":"http:\/\/www.centraldenoticias.com.ar\/?p=10089"},"modified":"2020-12-28T18:46:54","modified_gmt":"2020-12-28T21:46:54","slug":"aborto-legal-actividades-suspendidas-por-el-clima","status":"publish","type":"post","link":"https:\/\/cdnoticias.com\/index.php\/2020\/12\/28\/aborto-legal-actividades-suspendidas-por-el-clima\/","title":{"rendered":"Aborto legal: actividades suspendidas por el clima"},"content":{"rendered":"<p>&nbsp;<\/p>\n<p>Este lunes estaba prevista la proyecci\u00f3n de una pel\u00edcula al aire libre. Las organizadoras se\u00f1alaron que se mantienen las actividades del d\u00eda martes cuando se realice el debate en el Senado.<!--more--><\/p>\n<hr \/>\n<p>La discusi\u00f3n del proyecto de Ley de Interrupci\u00f3n Voluntaria del Embarazo (IVE), junto con el Plan de los 1.000 d\u00edas cerrar\u00e1 el a\u00f1o parlamentario del Senado, luego de obtener <a href=\"https:\/\/cdnoticias.com\/index.php\/2020\/12\/11\/media-sancion-al-proyecto-de-legalizacion-del-aborto-en-diputados\/\" target=\"_blank\" rel=\"noopener\">media sanci\u00f3n en Diputados.<\/a> <strong>La sesi\u00f3n comenzar\u00e1 a las 16:00 de este martes y estiman que se extender\u00e1 hasta el d\u00eda siguiente.<\/strong><\/p>\n<p>&nbsp;<\/p>\n<p>Sectores a favor y en contra del derecho al acceso al aborto legal convocaron a realizar una concentraci\u00f3n y vigilia en las inmediaciones del Congreso Nacional cuando el Senado trate la iniciativa.<\/p>\n<p>&nbsp;<\/p>\n<p><img data-recalc-dims=\"1\" loading=\"lazy\" decoding=\"async\" class=\"alignnone size-large wp-image-8678\" src=\"https:\/\/i0.wp.com\/cdnoticias.com\/wp-content\/uploads\/2020\/12\/vigilia-aborto-9.jpg?resize=800%2C534&#038;ssl=1\" alt=\"\" width=\"800\" height=\"534\" srcset=\"https:\/\/i0.wp.com\/cdnoticias.com\/wp-content\/uploads\/2020\/12\/vigilia-aborto-9.jpg?resize=1024%2C683&amp;ssl=1 1024w, https:\/\/i0.wp.com\/cdnoticias.com\/wp-content\/uploads\/2020\/12\/vigilia-aborto-9.jpg?resize=300%2C200&amp;ssl=1 300w, https:\/\/i0.wp.com\/cdnoticias.com\/wp-content\/uploads\/2020\/12\/vigilia-aborto-9.jpg?resize=768%2C512&amp;ssl=1 768w, https:\/\/i0.wp.com\/cdnoticias.com\/wp-content\/uploads\/2020\/12\/vigilia-aborto-9.jpg?resize=272%2C182&amp;ssl=1 272w, https:\/\/i0.wp.com\/cdnoticias.com\/wp-content\/uploads\/2020\/12\/vigilia-aborto-9.jpg?w=1600&amp;ssl=1 1600w, https:\/\/i0.wp.com\/cdnoticias.com\/wp-content\/uploads\/2020\/12\/vigilia-aborto-9.jpg?w=2400&amp;ssl=1 2400w\" sizes=\"auto, (max-width: 800px) 100vw, 800px\" \/><\/p>\n<p>&nbsp;<\/p>\n<p>La Campa\u00f1a Nacional por el Derecho al Aborto Legal, Seguro y Gratuito iniciar\u00e1 una vigilia a las 14 para acompa\u00f1ar el tratamiento del proyecto de interrupci\u00f3n voluntaria del embarazo (IVE), acci\u00f3n que se repetir\u00e1 en distintos lugares del pa\u00eds y en el exterior.<\/p>\n<p>&nbsp;<\/p>\n<p>En Olavarr\u00eda, las actividades estaban previstas que comiencen este lunes con la proyecci\u00f3n de \u201cSer\u00e1 Ley\u201d en el Parque Mitre. Sin embargo, <strong>la lluvia oblig\u00f3 a cancelar los plantes.<\/strong><\/p>\n<p>&nbsp;<\/p>\n<p>Desde la organizaci\u00f3n de mujeres se indic\u00f3 que<strong> se mantiene en pie el pa\u00f1uelazo, la marcha y la vigilia prevista para el martes.<\/strong><\/p>\n<p>&nbsp;<\/p>\n<p>&nbsp;<\/p>\n","protected":false},"excerpt":{"rendered":"<p>&nbsp; Este lunes estaba prevista la proyecci\u00f3n de una pel\u00edcula al aire libre. Las organizadoras se\u00f1alaron que se mantienen las<\/p>\n","protected":false},"author":5,"featured_media":8677,"comment_status":"closed","ping_status":"closed","sticky":false,"template":"","format":"standard","meta":{"_jetpack_memberships_contains_paid_content":false,"footnotes":""},"categories":[3,1],"tags":[],"class_list":["post-10089","post","type-post","status-publish","format-standard","has-post-thumbnail","hentry","category-genero","category-portada"],"jetpack_featured_media_url":"https:\/\/i0.wp.com\/cdnoticias.com\/wp-content\/uploads\/2020\/12\/vigilia-aborto-8.jpg?fit=4608%2C3072&ssl=1","jetpack_sharing_enabled":true,"_links":{"self":[{"href":"https:\/\/cdnoticias.com\/index.php\/wp-json\/wp\/v2\/posts\/10089","targetHints":{"allow":["GET"]}}],"collection":[{"href":"https:\/\/cdnoticias.com\/index.php\/wp-json\/wp\/v2\/posts"}],"about":[{"href":"https:\/\/cdnoticias.com\/index.php\/wp-json\/wp\/v2\/types\/post"}],"author":[{"embeddable":true,"href":"https:\/\/cdnoticias.com\/index.php\/wp-json\/wp\/v2\/users\/5"}],"replies":[{"embeddable":true,"href":"https:\/\/cdnoticias.com\/index.php\/wp-json\/wp\/v2\/comments?post=10089"}],"version-history":[{"count":0,"href":"https:\/\/cdnoticias.com\/index.php\/wp-json\/wp\/v2\/posts\/10089\/revisions"}],"wp:featuredmedia":[{"embeddable":true,"href":"https:\/\/cdnoticias.com\/index.php\/wp-json\/wp\/v2\/media\/8677"}],"wp:attachment":[{"href":"https:\/\/cdnoticias.com\/index.php\/wp-json\/wp\/v2\/media?parent=10089"}],"wp:term":[{"taxonomy":"category","embeddable":true,"href":"https:\/\/cdnoticias.com\/index.php\/wp-json\/wp\/v2\/categories?post=10089"},{"taxonomy":"post_tag","embeddable":true,"href":"https:\/\/cdnoticias.com\/index.php\/wp-json\/wp\/v2\/tags?post=10089"}],"curies":[{"name":"wp","href":"https:\/\/api.w.org\/{rel}","templated":true}]}}