{"id":100869,"date":"2023-11-01T20:21:09","date_gmt":"2023-11-01T23:21:09","guid":{"rendered":"https:\/\/cdnoticias.com\/?p=100869"},"modified":"2023-11-01T20:21:10","modified_gmt":"2023-11-01T23:21:10","slug":"culminaron-las-actividades-de-la-ucr-para-celebrar-los-40-anos-de-vida-en-democracia","status":"publish","type":"post","link":"https:\/\/cdnoticias.com\/index.php\/2023\/11\/01\/culminaron-las-actividades-de-la-ucr-para-celebrar-los-40-anos-de-vida-en-democracia\/","title":{"rendered":"Culminaron las actividades de la UCR para celebrar los 40 a\u00f1os de vida en democracia"},"content":{"rendered":"\n<p>Se llevaron adelante mayoritariamente en el Comit\u00e9 Radical, en donde se brindaron varias propuestas para conmemorar la hist\u00f3rica fecha. <\/p>\n\n\n\n<hr class=\"wp-block-separator aligncenter has-alpha-channel-opacity\"\/>\n\n\n\n<p>Este lunes se dieron por finalizadas las<strong> actividades para conmemorar los 40 a\u00f1os de vida en democracia, organizadas por la Uni\u00f3n C\u00edvica Radical de Olavarr\u00eda.<\/strong><\/p>\n\n\n\n<p><strong>Las celebraciones comenzaron en la ma\u00f1ana en el HCD con una Sesi\u00f3n Especial solicitada por el bloque radical<\/strong>, donde la presidenta y concejal del espacio, Bel\u00e9n Vergel, brind\u00f3 unas palabras acerca de lo que significan estos 40 a\u00f1os del retorno de la democracia y el rol fundamental que cumpli\u00f3 Ra\u00fal Alfons\u00edn en aquella \u00e9poca.<\/p>\n\n\n\n<figure class=\"wp-block-image size-full\"><img data-recalc-dims=\"1\" loading=\"lazy\" decoding=\"async\" width=\"800\" height=\"445\" src=\"https:\/\/i0.wp.com\/cdnoticias.com\/wp-content\/uploads\/2023\/10\/HCD-sesion-democracia-03-bloque-UCR.jpg?resize=800%2C445&#038;ssl=1\" alt=\"\" class=\"wp-image-100634\" srcset=\"https:\/\/i0.wp.com\/cdnoticias.com\/wp-content\/uploads\/2023\/10\/HCD-sesion-democracia-03-bloque-UCR.jpg?w=800&amp;ssl=1 800w, https:\/\/i0.wp.com\/cdnoticias.com\/wp-content\/uploads\/2023\/10\/HCD-sesion-democracia-03-bloque-UCR.jpg?resize=300%2C167&amp;ssl=1 300w, https:\/\/i0.wp.com\/cdnoticias.com\/wp-content\/uploads\/2023\/10\/HCD-sesion-democracia-03-bloque-UCR.jpg?resize=768%2C427&amp;ssl=1 768w\" sizes=\"auto, (max-width: 800px) 100vw, 800px\" \/><\/figure>\n\n\n\n<p>Siguieron por la tarde en la <strong>Plaza Central con la lectura del Pre\u00e1mbulo de la Constituci\u00f3n Nacional, que convoc\u00f3 a autoridades, dirigentes, referentes, militantes y a toda la comunidad en general.<\/strong><\/p>\n\n\n\n<figure class=\"wp-block-image size-full\"><img data-recalc-dims=\"1\" loading=\"lazy\" decoding=\"async\" width=\"800\" height=\"445\" src=\"https:\/\/i0.wp.com\/cdnoticias.com\/wp-content\/uploads\/2023\/10\/ucr-preambulo-40-democracia-05.jpg?resize=800%2C445&#038;ssl=1\" alt=\"\" class=\"wp-image-100692\" srcset=\"https:\/\/i0.wp.com\/cdnoticias.com\/wp-content\/uploads\/2023\/10\/ucr-preambulo-40-democracia-05.jpg?w=800&amp;ssl=1 800w, https:\/\/i0.wp.com\/cdnoticias.com\/wp-content\/uploads\/2023\/10\/ucr-preambulo-40-democracia-05.jpg?resize=300%2C167&amp;ssl=1 300w, https:\/\/i0.wp.com\/cdnoticias.com\/wp-content\/uploads\/2023\/10\/ucr-preambulo-40-democracia-05.jpg?resize=768%2C427&amp;ssl=1 768w\" sizes=\"auto, (max-width: 800px) 100vw, 800px\" \/><\/figure>\n\n\n\n<blockquote class=\"wp-block-quote is-layout-flow wp-block-quote-is-layout-flow\">\n<p>Posteriormente, las actividades se trasladaron al Comit\u00e9 Radical en donde estudiantes y profesores del Conservatorio de M\u00fasica &#8220;Ernesto Mog\u00e1vero&#8221; deleitaron con un amplio repertorio lleno de canciones que hicieron cantar, bailar y aplaudir a todos los presentes.<\/p>\n<\/blockquote>\n\n\n\n<figure class=\"wp-block-image size-full\"><img data-recalc-dims=\"1\" loading=\"lazy\" decoding=\"async\" width=\"720\" height=\"479\" src=\"https:\/\/i0.wp.com\/cdnoticias.com\/wp-content\/uploads\/2023\/11\/FB_IMG_1698787412423.jpg?resize=720%2C479&#038;ssl=1\" alt=\"\" class=\"wp-image-100873\" srcset=\"https:\/\/i0.wp.com\/cdnoticias.com\/wp-content\/uploads\/2023\/11\/FB_IMG_1698787412423.jpg?w=720&amp;ssl=1 720w, https:\/\/i0.wp.com\/cdnoticias.com\/wp-content\/uploads\/2023\/11\/FB_IMG_1698787412423.jpg?resize=300%2C200&amp;ssl=1 300w, https:\/\/i0.wp.com\/cdnoticias.com\/wp-content\/uploads\/2023\/11\/FB_IMG_1698787412423.jpg?resize=272%2C182&amp;ssl=1 272w\" sizes=\"auto, (max-width: 720px) 100vw, 720px\" \/><\/figure>\n\n\n\n<figure class=\"wp-block-image size-full\"><img data-recalc-dims=\"1\" loading=\"lazy\" decoding=\"async\" width=\"720\" height=\"479\" src=\"https:\/\/i0.wp.com\/cdnoticias.com\/wp-content\/uploads\/2023\/11\/FB_IMG_1698787422236.jpg?resize=720%2C479&#038;ssl=1\" alt=\"\" class=\"wp-image-100872\" srcset=\"https:\/\/i0.wp.com\/cdnoticias.com\/wp-content\/uploads\/2023\/11\/FB_IMG_1698787422236.jpg?w=720&amp;ssl=1 720w, https:\/\/i0.wp.com\/cdnoticias.com\/wp-content\/uploads\/2023\/11\/FB_IMG_1698787422236.jpg?resize=300%2C200&amp;ssl=1 300w, https:\/\/i0.wp.com\/cdnoticias.com\/wp-content\/uploads\/2023\/11\/FB_IMG_1698787422236.jpg?resize=272%2C182&amp;ssl=1 272w\" sizes=\"auto, (max-width: 720px) 100vw, 720px\" \/><\/figure>\n\n\n\n<p>Finalmente, todo culmin\u00f3 con el <strong>descubrimiento de la obra de arte del artista independiente Nicol\u00e1s Rodr\u00edguez Pane, alusiva a la fecha.<\/strong><\/p>\n\n\n\n<figure class=\"wp-block-image size-full\"><img data-recalc-dims=\"1\" loading=\"lazy\" decoding=\"async\" width=\"720\" height=\"479\" src=\"https:\/\/i0.wp.com\/cdnoticias.com\/wp-content\/uploads\/2023\/11\/FB_IMG_1698787424243.jpg?resize=720%2C479&#038;ssl=1\" alt=\"\" class=\"wp-image-100874\" srcset=\"https:\/\/i0.wp.com\/cdnoticias.com\/wp-content\/uploads\/2023\/11\/FB_IMG_1698787424243.jpg?w=720&amp;ssl=1 720w, https:\/\/i0.wp.com\/cdnoticias.com\/wp-content\/uploads\/2023\/11\/FB_IMG_1698787424243.jpg?resize=300%2C200&amp;ssl=1 300w, https:\/\/i0.wp.com\/cdnoticias.com\/wp-content\/uploads\/2023\/11\/FB_IMG_1698787424243.jpg?resize=272%2C182&amp;ssl=1 272w\" sizes=\"auto, (max-width: 720px) 100vw, 720px\" \/><\/figure>\n","protected":false},"excerpt":{"rendered":"<p>Se llevaron adelante mayoritariamente en el Comit\u00e9 Radical, en donde se brindaron varias propuestas para conmemorar la hist\u00f3rica fecha. Este<\/p>\n","protected":false},"author":2,"featured_media":100871,"comment_status":"closed","ping_status":"closed","sticky":false,"template":"","format":"standard","meta":{"_jetpack_memberships_contains_paid_content":false,"footnotes":""},"categories":[4,1],"tags":[],"class_list":["post-100869","post","type-post","status-publish","format-standard","has-post-thumbnail","hentry","category-politica","category-portada"],"jetpack_featured_media_url":"https:\/\/i0.wp.com\/cdnoticias.com\/wp-content\/uploads\/2023\/11\/FB_IMG_1698787410374.jpg?fit=720%2C479&ssl=1","jetpack_sharing_enabled":true,"_links":{"self":[{"href":"https:\/\/cdnoticias.com\/index.php\/wp-json\/wp\/v2\/posts\/100869","targetHints":{"allow":["GET"]}}],"collection":[{"href":"https:\/\/cdnoticias.com\/index.php\/wp-json\/wp\/v2\/posts"}],"about":[{"href":"https:\/\/cdnoticias.com\/index.php\/wp-json\/wp\/v2\/types\/post"}],"author":[{"embeddable":true,"href":"https:\/\/cdnoticias.com\/index.php\/wp-json\/wp\/v2\/users\/2"}],"replies":[{"embeddable":true,"href":"https:\/\/cdnoticias.com\/index.php\/wp-json\/wp\/v2\/comments?post=100869"}],"version-history":[{"count":0,"href":"https:\/\/cdnoticias.com\/index.php\/wp-json\/wp\/v2\/posts\/100869\/revisions"}],"wp:featuredmedia":[{"embeddable":true,"href":"https:\/\/cdnoticias.com\/index.php\/wp-json\/wp\/v2\/media\/100871"}],"wp:attachment":[{"href":"https:\/\/cdnoticias.com\/index.php\/wp-json\/wp\/v2\/media?parent=100869"}],"wp:term":[{"taxonomy":"category","embeddable":true,"href":"https:\/\/cdnoticias.com\/index.php\/wp-json\/wp\/v2\/categories?post=100869"},{"taxonomy":"post_tag","embeddable":true,"href":"https:\/\/cdnoticias.com\/index.php\/wp-json\/wp\/v2\/tags?post=100869"}],"curies":[{"name":"wp","href":"https:\/\/api.w.org\/{rel}","templated":true}]}}