{"id":100866,"date":"2023-11-02T10:05:17","date_gmt":"2023-11-02T13:05:17","guid":{"rendered":"https:\/\/cdnoticias.com\/?p=100866"},"modified":"2023-11-02T10:33:46","modified_gmt":"2023-11-02T13:33:46","slug":"ultimo-debate-presidencial-antes-del-ballotage-los-candidatos-no-tendran-textos-escritos-y-podran-moverse","status":"publish","type":"post","link":"https:\/\/cdnoticias.com\/index.php\/2023\/11\/02\/ultimo-debate-presidencial-antes-del-ballotage-los-candidatos-no-tendran-textos-escritos-y-podran-moverse\/","title":{"rendered":"\u00daltimo debate presidencial antes del ballotage: los candidatos no tendr\u00e1n textos escritos y podr\u00e1n moverse"},"content":{"rendered":"\n<p>Seg\u00fan se determin\u00f3, s\u00f3lo se les permitir\u00e1 disponer de hojas en blanco y lapicera para tomar notas en el momento.<\/p>\n\n\n\n<hr class=\"wp-block-separator aligncenter has-alpha-channel-opacity\"\/>\n\n\n\n<p>La C\u00e1mara Nacional Electoral (CNE) estableci\u00f3 este mi\u00e9rcoles las <strong>reglas del \u00faltimo debate presidencial de cara al ballotage del 19 de noviembre<\/strong>, que tendr\u00e1 como protagonistas a los candidatos <strong>Sergio Massa<\/strong>, de Uni\u00f3n por la Patria (UxP), y<strong> Javier Milei <\/strong>de La Libertad Avanza (LLA).<\/p>\n\n\n\n<p><\/p>\n\n\n\n<p>El debate, de car\u00e1cter obligatorio por ley, se desarrollar\u00e1 el <strong>domingo 12 de noviembre a las 21 en la Facultad de Derecho de la Universidad de Buenos Aires <\/strong>(UBA), exactamente una semana antes de la segunda vuelta que definir\u00e1 qui\u00e9n ser\u00e1 el nuevo presidente a partir del 10 de diciembre.<\/p>\n\n\n\n<p><\/p>\n\n\n\n<p>En el encuentro los candidatos <strong>no podr\u00e1n leer apuntes ni disponer de \u201cayuda memoria\u201d <\/strong>en sus respectivos atriles, pero s\u00ed tendr\u00e1n la posibilidad de moverse cuando hagan uso de la palabra y habr\u00e1 mayor intercambio entre los postulantes.<\/p>\n\n\n\n<p><\/p>\n\n\n\n<p>De acuerdo con las reglas acordadas, ambos candidatos contar\u00e1n con un minuto inicial de presentaci\u00f3n y dos minutos finales para brindar sus conclusiones al cierre del debate, que se estipula durar\u00e1 1 hora y 50 minutos.<\/p>\n\n\n\n<p><\/p>\n\n\n\n<p>En el sorteo p\u00fablico que se realiz\u00f3 este mi\u00e9rcoles en la sede de la CNE se determin\u00f3 que<strong> el primero en presentarse ser\u00e1 Massa y, luego tendr\u00e1 su minuto Milei.<\/strong><\/p>\n\n\n\n<p><\/p>\n\n\n\n<p>Luego de la presentaci\u00f3n inicial de cada candidato, el debate estar\u00e1 estructurado en dos bloques, en los que los postulantes de cada fuerza abordar\u00e1n los <strong>seis ejes tem\u00e1ticos ya definidos.<\/strong><\/p>\n\n\n\n<p><\/p>\n\n\n\n<blockquote class=\"wp-block-quote is-layout-flow wp-block-quote-is-layout-flow\">\n<p>En el primer bloque se tratar\u00e1n los temas \u201cEconom\u00eda\u201d, \u201cRelaciones de Argentina con el mundo\u201d y \u201cEducaci\u00f3n y Salud\u201d; mientras que en el segundo bloque se abordar\u00e1n los ejes \u201cProducci\u00f3n y Trabajo\u201d, \u201cSeguridad\u201d y \u201cDerechos Humanos y Convivencia Democr\u00e1tica\u201d.<\/p>\n<\/blockquote>\n\n\n\n<p><\/p>\n\n\n\n<p>Cada tema tendr\u00e1 una <strong>duraci\u00f3n de 12 minutos<\/strong>, donde cada candidato contar\u00e1 con seis minutos totales para administrar a su elecci\u00f3n, siendo el tiempo m\u00e1ximo de extensi\u00f3n dos minutos corridos. Cuando un candidato termina de hablar autom\u00e1ticamente tendr\u00e1 la palabra su contrincante.<\/p>\n\n\n\n<p><\/p>\n\n\n\n<p>En el tercer y \u00faltimo bloque del debate cada candidato presidencial tendr\u00e1 dos minutos para finalizar su participaci\u00f3n, exposici\u00f3n final que seg\u00fan el sorteo realizado comenzar\u00e1 Massa y concluir\u00e1 Milei.<\/p>\n\n\n\n<p><\/p>\n\n\n\n<p>Otra novedad es que en esta ocasi\u00f3n Massa y Milei podr\u00e1n moverse en una zona determinada mientras est\u00e9n en uso de la palabra, no tendr\u00e1n que permanecer inm\u00f3viles en sus atriles como en los dos debates precedentes.<\/p>\n\n\n\n<p><\/p>\n\n\n\n<p>La CNE finalmente estableci\u00f3 que <strong>los contrincantes no podr\u00e1n tener textos o apuntes escritos con anterioridad durante su participaci\u00f3n en el debate<\/strong> -como ped\u00eda el equipo de UxP en oposici\u00f3n al equipo libertario-, y s\u00f3lo se les permitir\u00e1 disponer de hojas en blanco y lapicera para tomar notas en el momento si as\u00ed lo desearan.<\/p>\n\n\n\n<p><\/p>\n\n\n\n<p><em>Fuente: DIB<\/em><\/p>\n","protected":false},"excerpt":{"rendered":"<p>Seg\u00fan se determin\u00f3, s\u00f3lo se les permitir\u00e1 disponer de hojas en blanco y lapicera para tomar notas en el momento.<\/p>\n","protected":false},"author":6,"featured_media":100867,"comment_status":"closed","ping_status":"closed","sticky":false,"template":"","format":"standard","meta":{"_jetpack_memberships_contains_paid_content":false,"footnotes":""},"categories":[6,1],"tags":[],"class_list":["post-100866","post","type-post","status-publish","format-standard","has-post-thumbnail","hentry","category-nacionales","category-portada"],"jetpack_featured_media_url":"https:\/\/i0.wp.com\/cdnoticias.com\/wp-content\/uploads\/2023\/11\/debate-rumbo-ballotage-696x442-1.jpg?fit=696%2C442&ssl=1","jetpack_sharing_enabled":true,"_links":{"self":[{"href":"https:\/\/cdnoticias.com\/index.php\/wp-json\/wp\/v2\/posts\/100866","targetHints":{"allow":["GET"]}}],"collection":[{"href":"https:\/\/cdnoticias.com\/index.php\/wp-json\/wp\/v2\/posts"}],"about":[{"href":"https:\/\/cdnoticias.com\/index.php\/wp-json\/wp\/v2\/types\/post"}],"author":[{"embeddable":true,"href":"https:\/\/cdnoticias.com\/index.php\/wp-json\/wp\/v2\/users\/6"}],"replies":[{"embeddable":true,"href":"https:\/\/cdnoticias.com\/index.php\/wp-json\/wp\/v2\/comments?post=100866"}],"version-history":[{"count":0,"href":"https:\/\/cdnoticias.com\/index.php\/wp-json\/wp\/v2\/posts\/100866\/revisions"}],"wp:featuredmedia":[{"embeddable":true,"href":"https:\/\/cdnoticias.com\/index.php\/wp-json\/wp\/v2\/media\/100867"}],"wp:attachment":[{"href":"https:\/\/cdnoticias.com\/index.php\/wp-json\/wp\/v2\/media?parent=100866"}],"wp:term":[{"taxonomy":"category","embeddable":true,"href":"https:\/\/cdnoticias.com\/index.php\/wp-json\/wp\/v2\/categories?post=100866"},{"taxonomy":"post_tag","embeddable":true,"href":"https:\/\/cdnoticias.com\/index.php\/wp-json\/wp\/v2\/tags?post=100866"}],"curies":[{"name":"wp","href":"https:\/\/api.w.org\/{rel}","templated":true}]}}