{"id":100860,"date":"2023-11-01T19:11:22","date_gmt":"2023-11-01T22:11:22","guid":{"rendered":"https:\/\/cdnoticias.com\/?p=100860"},"modified":"2023-11-02T14:12:46","modified_gmt":"2023-11-02T17:12:46","slug":"en-dos-allanamientos-encontraron-varios-medidores-de-agua-fragmentados","status":"publish","type":"post","link":"https:\/\/cdnoticias.com\/index.php\/2023\/11\/01\/en-dos-allanamientos-encontraron-varios-medidores-de-agua-fragmentados\/","title":{"rendered":"En dos allanamientos, encontraron varios medidores de agua \u201cfragmentados\u201d"},"content":{"rendered":"\n<p>Se presume eran desarmados y se vend\u00edan sus partes por separados. Adem\u00e1s del presunto autor del hecho, fue imputado una persona que compr\u00f3 los elementos robados.<\/p>\n\n\n\n<hr class=\"wp-block-separator aligncenter has-alpha-channel-opacity\"\/>\n\n\n\n<p>Este mi\u00e9rcoles, <strong>dos personas fueron imputadas luego de que en diversos procedimientos detectaron varios fragmentos de medidores de agua que hab\u00edan sido robados.<\/strong><\/p>\n\n\n\n<p><\/p>\n\n\n\n<p>Seg\u00fan se inform\u00f3, personal de Gabinete de Investigaci\u00f3n de Comisar\u00eda Segunda solicit\u00f3<strong> un allanamiento \u201cde urgencia\u201d en el domicilio de uno de los investigados, un hombre de 36 a\u00f1os, con \u201cresultados positivos\u201d.<\/strong><\/p>\n\n\n\n<p><\/p>\n\n\n\n<blockquote class=\"wp-block-quote is-layout-flow wp-block-quote-is-layout-flow\">\n<p>Tambi\u00e9n se realiz\u00f3 otro procedimiento en otro domicilio, por lo que hubo allanamientos tanto en Saavedra al 3500 como en Chiclana al 4200.<\/p>\n<\/blockquote>\n\n\n\n<p><\/p>\n\n\n\n<p>All\u00ed, <strong>se secuestraron fragmentos de medidores de agua, soporte, vestimenta \u2013mochila\u2013 y una bicicleta que habr\u00eda sido utilizada en los robos por el imputado, corroborado en material f\u00edlmico que servir\u00e1 de prueba en la causa.<\/strong><\/p>\n\n\n\n<p><\/p>\n\n\n\n<p>Un dato a tener en cuenta es que <strong>se logr\u00f3 establecer que partes del medidor hab\u00edan sido vendidas a una casa de compra-venta.<\/strong> En una inspecci\u00f3n en el lugar, ubicado en<strong> Ituzaing\u00f3 al 4000, se secuestraron siete v\u00e1lvulas que son utilizadas en los medidores.<\/strong><\/p>\n\n\n\n<p><\/p>\n\n\n\n<p>En este \u00faltimo caso, se secuestr\u00f3 material f\u00edlmico de c\u00e1maras de seguridad, el celular del titular del comercio y se clausur\u00f3 el lugar por \u201ccarecer de documentaci\u00f3n legal vigente para su funcionamiento\u201d <strong>por lo que tambi\u00e9n intervino el Juzgado de Faltas local.<\/strong><\/p>\n\n\n\n<p><\/p>\n\n\n\n<p>Las causas fueron caratuladas como<strong> \u201cRobo\u201d y \u201cEncubrimiento\u201d <\/strong>con intervenci\u00f3n de la fiscal\u00eda de Autores Ignorados a cargo de la doctora Deroni.<\/p>\n\n\n\n<p><\/p>\n\n\n\n<figure class=\"wp-block-embed is-type-wp-embed is-provider-central-de-noticias-olavarria wp-block-embed-central-de-noticias-olavarria\"><div class=\"wp-block-embed__wrapper\">\n<blockquote class=\"wp-embedded-content\" data-secret=\"jwvZetfCr7\"><a href=\"https:\/\/cdnoticias.com\/index.php\/2023\/10\/30\/coopelectric-denuncio-el-robo-de-50-medidores-de-agua-en-dos-meses\/\">Coopelectric denunci\u00f3 el robo de 50 medidores de agua en dos meses<\/a><\/blockquote><iframe loading=\"lazy\" class=\"wp-embedded-content\" sandbox=\"allow-scripts\" security=\"restricted\" style=\"position: absolute; clip: rect(1px, 1px, 1px, 1px);\" title=\"&#8220;Coopelectric denunci\u00f3 el robo de 50 medidores de agua en dos meses&#8221; &#8212; Central de Noticias | Olavarr\u00eda\" src=\"https:\/\/cdnoticias.com\/index.php\/2023\/10\/30\/coopelectric-denuncio-el-robo-de-50-medidores-de-agua-en-dos-meses\/embed\/#?secret=A845vjGXQG#?secret=jwvZetfCr7\" data-secret=\"jwvZetfCr7\" width=\"600\" height=\"338\" frameborder=\"0\" marginwidth=\"0\" marginheight=\"0\" scrolling=\"no\"><\/iframe>\n<\/div><\/figure>\n","protected":false},"excerpt":{"rendered":"<p>Se presume eran desarmados y se vend\u00edan sus partes por separados. Adem\u00e1s del presunto autor del hecho, fue imputado una<\/p>\n","protected":false},"author":2,"featured_media":100861,"comment_status":"closed","ping_status":"closed","sticky":false,"template":"","format":"standard","meta":{"_jetpack_memberships_contains_paid_content":false,"footnotes":""},"categories":[14,1],"tags":[],"class_list":["post-100860","post","type-post","status-publish","format-standard","has-post-thumbnail","hentry","category-policiales","category-portada"],"jetpack_featured_media_url":"https:\/\/i0.wp.com\/cdnoticias.com\/wp-content\/uploads\/2023\/11\/WhatsApp-Image-2023-11-01-at-16.25.04.jpeg?fit=1201%2C711&ssl=1","jetpack_sharing_enabled":true,"_links":{"self":[{"href":"https:\/\/cdnoticias.com\/index.php\/wp-json\/wp\/v2\/posts\/100860","targetHints":{"allow":["GET"]}}],"collection":[{"href":"https:\/\/cdnoticias.com\/index.php\/wp-json\/wp\/v2\/posts"}],"about":[{"href":"https:\/\/cdnoticias.com\/index.php\/wp-json\/wp\/v2\/types\/post"}],"author":[{"embeddable":true,"href":"https:\/\/cdnoticias.com\/index.php\/wp-json\/wp\/v2\/users\/2"}],"replies":[{"embeddable":true,"href":"https:\/\/cdnoticias.com\/index.php\/wp-json\/wp\/v2\/comments?post=100860"}],"version-history":[{"count":0,"href":"https:\/\/cdnoticias.com\/index.php\/wp-json\/wp\/v2\/posts\/100860\/revisions"}],"wp:featuredmedia":[{"embeddable":true,"href":"https:\/\/cdnoticias.com\/index.php\/wp-json\/wp\/v2\/media\/100861"}],"wp:attachment":[{"href":"https:\/\/cdnoticias.com\/index.php\/wp-json\/wp\/v2\/media?parent=100860"}],"wp:term":[{"taxonomy":"category","embeddable":true,"href":"https:\/\/cdnoticias.com\/index.php\/wp-json\/wp\/v2\/categories?post=100860"},{"taxonomy":"post_tag","embeddable":true,"href":"https:\/\/cdnoticias.com\/index.php\/wp-json\/wp\/v2\/tags?post=100860"}],"curies":[{"name":"wp","href":"https:\/\/api.w.org\/{rel}","templated":true}]}}