{"id":10082,"date":"2020-12-28T17:53:52","date_gmt":"2020-12-28T20:53:52","guid":{"rendered":"http:\/\/www.centraldenoticias.com.ar\/?p=10082"},"modified":"2020-12-28T17:53:52","modified_gmt":"2020-12-28T20:53:52","slug":"orfilio-reinaldo-quinteros-polaco-q-e-p-d","status":"publish","type":"post","link":"https:\/\/cdnoticias.com\/index.php\/2020\/12\/28\/orfilio-reinaldo-quinteros-polaco-q-e-p-d\/","title":{"rendered":"Orfilio Reinaldo Quinteros \u201cPolaco\u201d (Q.E.P.D.)"},"content":{"rendered":"<p>Falleci\u00f3 en Olavarr\u00eda el 28 de diciembre de 2020 a los 81 a\u00f1os. Su esposa Antonia Irma Maldonado; su hijo Hugo Quinteros; su hija pol\u00edtica Daiana Magari\u00f1os; sus nietos Antonella, Juan Cruz, Mart\u00edn, Valentina, Azul y dem\u00e1s deudos participan su fallecimiento.<\/p>\n<p>&nbsp;<\/p>\n<p>Sus restos ser\u00e1n velados en sala de Espa\u00f1a 2942 Dpto. \u201cD\u201d (el martes 29\/12 de 8:30 a 10:30) y ser\u00e1n inhumados en el cementerio Loma de Paz el martes a las 10:30, previo responso en la capilla ardiente. Vecino de barrio Ituzaing\u00f3. Nacido en Orense, Pdo. de Tres Arroyos. Jubilado.<\/p>\n","protected":false},"excerpt":{"rendered":"<p>Falleci\u00f3 en Olavarr\u00eda el 28 de diciembre de 2020 a los 81 a\u00f1os. Su esposa Antonia Irma Maldonado; su hijo<\/p>\n","protected":false},"author":5,"featured_media":0,"comment_status":"closed","ping_status":"closed","sticky":false,"template":"","format":"standard","meta":{"_jetpack_memberships_contains_paid_content":false,"footnotes":""},"categories":[10],"tags":[],"class_list":["post-10082","post","type-post","status-publish","format-standard","hentry","category-necrologicas"],"jetpack_featured_media_url":"","jetpack_sharing_enabled":true,"_links":{"self":[{"href":"https:\/\/cdnoticias.com\/index.php\/wp-json\/wp\/v2\/posts\/10082","targetHints":{"allow":["GET"]}}],"collection":[{"href":"https:\/\/cdnoticias.com\/index.php\/wp-json\/wp\/v2\/posts"}],"about":[{"href":"https:\/\/cdnoticias.com\/index.php\/wp-json\/wp\/v2\/types\/post"}],"author":[{"embeddable":true,"href":"https:\/\/cdnoticias.com\/index.php\/wp-json\/wp\/v2\/users\/5"}],"replies":[{"embeddable":true,"href":"https:\/\/cdnoticias.com\/index.php\/wp-json\/wp\/v2\/comments?post=10082"}],"version-history":[{"count":0,"href":"https:\/\/cdnoticias.com\/index.php\/wp-json\/wp\/v2\/posts\/10082\/revisions"}],"wp:attachment":[{"href":"https:\/\/cdnoticias.com\/index.php\/wp-json\/wp\/v2\/media?parent=10082"}],"wp:term":[{"taxonomy":"category","embeddable":true,"href":"https:\/\/cdnoticias.com\/index.php\/wp-json\/wp\/v2\/categories?post=10082"},{"taxonomy":"post_tag","embeddable":true,"href":"https:\/\/cdnoticias.com\/index.php\/wp-json\/wp\/v2\/tags?post=10082"}],"curies":[{"name":"wp","href":"https:\/\/api.w.org\/{rel}","templated":true}]}}