{"id":100818,"date":"2023-11-01T11:42:30","date_gmt":"2023-11-01T14:42:30","guid":{"rendered":"https:\/\/cdnoticias.com\/?p=100818"},"modified":"2023-11-01T16:42:50","modified_gmt":"2023-11-01T19:42:50","slug":"el-transporte-interurbano-de-pasajeros-ya-funciona-con-normalidad","status":"publish","type":"post","link":"https:\/\/cdnoticias.com\/index.php\/2023\/11\/01\/el-transporte-interurbano-de-pasajeros-ya-funciona-con-normalidad\/","title":{"rendered":"El transporte interurbano de pasajeros ya funciona con normalidad"},"content":{"rendered":"<p>As\u00ed fue comunicado desde la Municipalidad. Ante la escasez de combustibles se hab\u00edan implementado cambios en los servicios.<!--more--><\/p>\n<hr \/>\n<p>Ante la escasez de combustible en el Partido de Olavarr\u00eda, la Municipalidad hab\u00eda informado una <strong>reducci\u00f3n de servicios<\/strong> en el trasporte p\u00fablico de pasajeros interurbano. Los cambios se sostuvieron hasta la jornada de este mi\u00e9rcoles.<br \/>\n&nbsp;<br \/>\nSeg\u00fan se comunic\u00f3 oficialmente,<strong> a partir de la fecha se restableci\u00f3 con normalidad el transporte.<\/strong> Recordemos que, los cambios implementados hab\u00edan afectado centralmente a los servicios de cierre de la jornada.<br \/>\n&nbsp;<br \/>\nLas modificaciones se dispusieron a partir del fin de semana pasado ante la <strong>dificultad de abastecimiento de combustible<\/strong> que afect\u00f3 a la empresa prestadora del transporte p\u00fablico interurbano, <strong>Las Sierras SRL.<\/strong><br \/>\n&nbsp;<\/p>\n<blockquote class=\"wp-embedded-content\" data-secret=\"kZ3C3Bvvec\"><p><a href=\"https:\/\/cdnoticias.com\/index.php\/2023\/10\/30\/faltante-de-combustible-modificacion-en-transporte-interurbano-para-este-lunes\/\">Faltante de combustible: modificaci\u00f3n en transporte interurbano para este lunes<\/a><\/p><\/blockquote>\n<p><iframe loading=\"lazy\" class=\"wp-embedded-content\" sandbox=\"allow-scripts\" security=\"restricted\" style=\"position: absolute; clip: rect(1px, 1px, 1px, 1px);\" title=\"&#8220;Faltante de combustible: modificaci\u00f3n en transporte interurbano para este lunes&#8221; &#8212; Central de Noticias | Olavarr\u00eda\" src=\"https:\/\/cdnoticias.com\/index.php\/2023\/10\/30\/faltante-de-combustible-modificacion-en-transporte-interurbano-para-este-lunes\/embed\/#?secret=YYgeAieqQX#?secret=kZ3C3Bvvec\" data-secret=\"kZ3C3Bvvec\" width=\"600\" height=\"338\" frameborder=\"0\" marginwidth=\"0\" marginheight=\"0\" scrolling=\"no\"><\/iframe><\/p>\n","protected":false},"excerpt":{"rendered":"<p>As\u00ed fue comunicado desde la Municipalidad. Ante la escasez de combustibles se hab\u00edan implementado cambios en los servicios.<\/p>\n","protected":false},"author":2,"featured_media":100449,"comment_status":"closed","ping_status":"closed","sticky":false,"template":"","format":"standard","meta":{"_jetpack_memberships_contains_paid_content":false,"footnotes":""},"categories":[5,1],"tags":[],"class_list":["post-100818","post","type-post","status-publish","format-standard","has-post-thumbnail","hentry","category-informacion-general","category-portada"],"jetpack_featured_media_url":"https:\/\/i0.wp.com\/cdnoticias.com\/wp-content\/uploads\/2023\/10\/las-sierras-olavarria.jpg?fit=1024%2C624&ssl=1","jetpack_sharing_enabled":true,"_links":{"self":[{"href":"https:\/\/cdnoticias.com\/index.php\/wp-json\/wp\/v2\/posts\/100818","targetHints":{"allow":["GET"]}}],"collection":[{"href":"https:\/\/cdnoticias.com\/index.php\/wp-json\/wp\/v2\/posts"}],"about":[{"href":"https:\/\/cdnoticias.com\/index.php\/wp-json\/wp\/v2\/types\/post"}],"author":[{"embeddable":true,"href":"https:\/\/cdnoticias.com\/index.php\/wp-json\/wp\/v2\/users\/2"}],"replies":[{"embeddable":true,"href":"https:\/\/cdnoticias.com\/index.php\/wp-json\/wp\/v2\/comments?post=100818"}],"version-history":[{"count":0,"href":"https:\/\/cdnoticias.com\/index.php\/wp-json\/wp\/v2\/posts\/100818\/revisions"}],"wp:featuredmedia":[{"embeddable":true,"href":"https:\/\/cdnoticias.com\/index.php\/wp-json\/wp\/v2\/media\/100449"}],"wp:attachment":[{"href":"https:\/\/cdnoticias.com\/index.php\/wp-json\/wp\/v2\/media?parent=100818"}],"wp:term":[{"taxonomy":"category","embeddable":true,"href":"https:\/\/cdnoticias.com\/index.php\/wp-json\/wp\/v2\/categories?post=100818"},{"taxonomy":"post_tag","embeddable":true,"href":"https:\/\/cdnoticias.com\/index.php\/wp-json\/wp\/v2\/tags?post=100818"}],"curies":[{"name":"wp","href":"https:\/\/api.w.org\/{rel}","templated":true}]}}