{"id":10081,"date":"2020-12-28T17:55:59","date_gmt":"2020-12-28T20:55:59","guid":{"rendered":"http:\/\/www.centraldenoticias.com.ar\/?p=10081"},"modified":"2020-12-28T20:26:07","modified_gmt":"2020-12-28T23:26:07","slug":"por-la-lluvia-cancelaron-el-rta-en-el-paseo-de-la-salud","status":"publish","type":"post","link":"https:\/\/cdnoticias.com\/index.php\/2020\/12\/28\/por-la-lluvia-cancelaron-el-rta-en-el-paseo-de-la-salud\/","title":{"rendered":"Por la lluvia cancelaron el RTA en el Paseo de la Salud"},"content":{"rendered":"<p>Estaba pautado para realizarse a partir de las 19 de este lunes en Belgrano y Almirante Brown, en el Parque Mitre. <strong>C\u00f3mo seguir\u00e1 el cronograma de testeo intensivo.<\/strong><!--more--><\/p>\n<hr \/>\n<p>Desde la municipalidad se inform\u00f3 que, a raz\u00f3n de las condiciones clim\u00e1ticas adversas, <strong>fue suspendida la jornada del programa RTA (Rastrear Testear Aislar) que se iba a desarrollar este lunes desde las 19 en el denominado Paseo de la Salud en el Parque Mitre, a la altura del cruce de Almirante Brown y Belgrano.<\/strong><\/p>\n<p>&nbsp;<\/p>\n<p>La actividad estaba pautada dentro de la quinta etapa del <strong>programa de testeo intensivo que ha recorrido no s\u00f3lo la ciudad, sino tambi\u00e9n el partido de Olavarr\u00eda, realizando centenares de hisopados a las personas que se acercan a los puestos de control.<\/strong><\/p>\n<p>&nbsp;<\/p>\n<p><img data-recalc-dims=\"1\" loading=\"lazy\" decoding=\"async\" class=\"alignnone size-full wp-image-9830\" src=\"https:\/\/i0.wp.com\/cdnoticias.com\/wp-content\/uploads\/2020\/12\/rta.jpg?resize=800%2C529&#038;ssl=1\" alt=\"\" width=\"800\" height=\"529\" srcset=\"https:\/\/i0.wp.com\/cdnoticias.com\/wp-content\/uploads\/2020\/12\/rta.jpg?w=831&amp;ssl=1 831w, https:\/\/i0.wp.com\/cdnoticias.com\/wp-content\/uploads\/2020\/12\/rta.jpg?resize=300%2C199&amp;ssl=1 300w, https:\/\/i0.wp.com\/cdnoticias.com\/wp-content\/uploads\/2020\/12\/rta.jpg?resize=768%2C508&amp;ssl=1 768w\" sizes=\"auto, (max-width: 800px) 100vw, 800px\" \/><\/p>\n<p>&nbsp;<\/p>\n<p>Vale recordar que, tal cual se requiere desde el municipio, deben acercarse aquellas personas que presenten s\u00edntomas, haci\u00e9ndolo respetando las medidas de bioseguridad. <strong>El acento est\u00e1 principalmente en tener mayores certezas de los contagios de cara a las reuniones por las fiestas.<\/strong><\/p>\n<p>&nbsp;<\/p>\n<p>En la continuidad del programa <strong>este martes desde las 19 se har\u00e1n testeos en el Servicio Territorial Municipal N\u00b01 (Fassina y Alberdi) desde las 9<\/strong>, mientras que <strong>el mi\u00e9rcoles se retornar\u00e1 al Paseo de la Salud a partir de las 19<\/strong>. A la par, ambas jornadas se realizar\u00e1n hisopados <strong>a partir de las 7 en el Hospital Municipal.<\/strong><\/p>\n","protected":false},"excerpt":{"rendered":"<p>Estaba pautado para realizarse a partir de las 19 de este lunes en Belgrano y Almirante Brown, en el Parque<\/p>\n","protected":false},"author":3,"featured_media":0,"comment_status":"closed","ping_status":"closed","sticky":false,"template":"","format":"standard","meta":{"_jetpack_memberships_contains_paid_content":false,"footnotes":""},"categories":[5,1],"tags":[],"class_list":["post-10081","post","type-post","status-publish","format-standard","hentry","category-informacion-general","category-portada"],"jetpack_featured_media_url":"","jetpack_sharing_enabled":true,"_links":{"self":[{"href":"https:\/\/cdnoticias.com\/index.php\/wp-json\/wp\/v2\/posts\/10081","targetHints":{"allow":["GET"]}}],"collection":[{"href":"https:\/\/cdnoticias.com\/index.php\/wp-json\/wp\/v2\/posts"}],"about":[{"href":"https:\/\/cdnoticias.com\/index.php\/wp-json\/wp\/v2\/types\/post"}],"author":[{"embeddable":true,"href":"https:\/\/cdnoticias.com\/index.php\/wp-json\/wp\/v2\/users\/3"}],"replies":[{"embeddable":true,"href":"https:\/\/cdnoticias.com\/index.php\/wp-json\/wp\/v2\/comments?post=10081"}],"version-history":[{"count":0,"href":"https:\/\/cdnoticias.com\/index.php\/wp-json\/wp\/v2\/posts\/10081\/revisions"}],"wp:attachment":[{"href":"https:\/\/cdnoticias.com\/index.php\/wp-json\/wp\/v2\/media?parent=10081"}],"wp:term":[{"taxonomy":"category","embeddable":true,"href":"https:\/\/cdnoticias.com\/index.php\/wp-json\/wp\/v2\/categories?post=10081"},{"taxonomy":"post_tag","embeddable":true,"href":"https:\/\/cdnoticias.com\/index.php\/wp-json\/wp\/v2\/tags?post=10081"}],"curies":[{"name":"wp","href":"https:\/\/api.w.org\/{rel}","templated":true}]}}