{"id":10078,"date":"2020-12-28T17:40:24","date_gmt":"2020-12-28T20:40:24","guid":{"rendered":"http:\/\/www.centraldenoticias.com.ar\/?p=10078"},"modified":"2020-12-28T17:40:59","modified_gmt":"2020-12-28T20:40:59","slug":"el-gremio-de-comercio-agradecio-a-kicillof-la-eximicion-de-ingresos-brutos","status":"publish","type":"post","link":"https:\/\/cdnoticias.com\/index.php\/2020\/12\/28\/el-gremio-de-comercio-agradecio-a-kicillof-la-eximicion-de-ingresos-brutos\/","title":{"rendered":"El gremio de comercio agradeci\u00f3 a Kicillof la eximici\u00f3n de Ingresos Brutos"},"content":{"rendered":"<p>&nbsp;<\/p>\n<p>Las filiales mercantiles de la Provincia de Buenos Aires se manifestaron sobre las exenciones impositivas para sindicatos y entidades de bien p\u00fablico. La medida hab\u00eda sido suspendida durante la gesti\u00f3n de Vidal.<!--more--><\/p>\n<hr \/>\n<p>Distintas <strong>entidades gremiales representantes de los empleados y empleadas de comercio de la Provincia de Buenos Aires firmaron una solicitada en agradecimiento al Gobernador Axel Kicillof y a los legisladores y legisladoras del Frente de Todos Bonaerense<\/strong> por <em>\u201creconocer la total vigencia de la ley 23.551 y de su art\u00edculo 39<strong> eximiendo a las asociaciones sindicales de grav\u00e1menes impositivos,<\/strong> por considerarlas como entidades de bien p\u00fablico\u201d.<\/em><\/p>\n<p>&nbsp;<\/p>\n<p><em>\u201cQueda demostrado una vez m\u00e1s que cuando los funcionarios p\u00fablicos trabajan para satisfacer las necesidades del pueblo, se logran los requerimientos tan postergados como estos. Nuevamente un gobierno Peronista viene a reparar una injusticia como la provocada por la gesti\u00f3n de Mar\u00eda Eugenia Vidal en 2017\u201d<\/em> expresaron en un texto publicado en los principales medios gr\u00e1ficos de la Provincia de Buenos Aires.<\/p>\n<p>&nbsp;<\/p>\n<p>En la ciudad de Olavarr\u00eda el <strong>Centro Empleados de Comercio de Olavarr\u00eda (CECO)<\/strong> encabezado por el Secretario Gremial Miguel Santell\u00e1n, ampli\u00f3 el agradecimiento tambi\u00e9n al <em>&#8220;Bloque del Frente de Todos de la Honorable C\u00e1mara de Diputados y Diputadas de la Provincia de Buenos Aires, al Presidente del bloque Facundo Tignanelli y al Diputado Provincial por la S\u00e9ptima Secci\u00f3n Electoral Cesar Valicenti por haber acompa\u00f1ado nuestra solicitud y demostrar su compromiso y dedicaci\u00f3n militante en favor del pueblo\u201d.<\/em><\/p>\n<p>&nbsp;<\/p>\n<p>De esta manera las distintas filiales mercantiles de la Provincia remarcan la importancia de una norma aprobada la semana pasada y la consideran una reivindicaci\u00f3n del <em>\u201crol de trabajadores esenciales que la pandemia del COVID- 19\u201d<\/em> y de las organizaciones sindicales <em>\u201cque d\u00eda a d\u00eda devuelven en servicios y acompa\u00f1amiento a los y las mercantiles, sus familias y la comunidad, los recursos que los propios trabajadores aportan\u201d.<\/em><\/p>\n<p>&nbsp;<\/p>\n","protected":false},"excerpt":{"rendered":"<p>&nbsp; Las filiales mercantiles de la Provincia de Buenos Aires se manifestaron sobre las exenciones impositivas para sindicatos y entidades<\/p>\n","protected":false},"author":5,"featured_media":1608,"comment_status":"closed","ping_status":"closed","sticky":false,"template":"","format":"standard","meta":{"_jetpack_memberships_contains_paid_content":false,"footnotes":""},"categories":[4,1],"tags":[],"class_list":["post-10078","post","type-post","status-publish","format-standard","has-post-thumbnail","hentry","category-politica","category-portada"],"jetpack_featured_media_url":"https:\/\/i0.wp.com\/cdnoticias.com\/wp-content\/uploads\/2020\/09\/CECO2.jpg?fit=799%2C449&ssl=1","jetpack_sharing_enabled":true,"_links":{"self":[{"href":"https:\/\/cdnoticias.com\/index.php\/wp-json\/wp\/v2\/posts\/10078","targetHints":{"allow":["GET"]}}],"collection":[{"href":"https:\/\/cdnoticias.com\/index.php\/wp-json\/wp\/v2\/posts"}],"about":[{"href":"https:\/\/cdnoticias.com\/index.php\/wp-json\/wp\/v2\/types\/post"}],"author":[{"embeddable":true,"href":"https:\/\/cdnoticias.com\/index.php\/wp-json\/wp\/v2\/users\/5"}],"replies":[{"embeddable":true,"href":"https:\/\/cdnoticias.com\/index.php\/wp-json\/wp\/v2\/comments?post=10078"}],"version-history":[{"count":0,"href":"https:\/\/cdnoticias.com\/index.php\/wp-json\/wp\/v2\/posts\/10078\/revisions"}],"wp:featuredmedia":[{"embeddable":true,"href":"https:\/\/cdnoticias.com\/index.php\/wp-json\/wp\/v2\/media\/1608"}],"wp:attachment":[{"href":"https:\/\/cdnoticias.com\/index.php\/wp-json\/wp\/v2\/media?parent=10078"}],"wp:term":[{"taxonomy":"category","embeddable":true,"href":"https:\/\/cdnoticias.com\/index.php\/wp-json\/wp\/v2\/categories?post=10078"},{"taxonomy":"post_tag","embeddable":true,"href":"https:\/\/cdnoticias.com\/index.php\/wp-json\/wp\/v2\/tags?post=10078"}],"curies":[{"name":"wp","href":"https:\/\/api.w.org\/{rel}","templated":true}]}}