{"id":100778,"date":"2023-10-31T21:12:23","date_gmt":"2023-11-01T00:12:23","guid":{"rendered":"https:\/\/cdnoticias.com\/?p=100778"},"modified":"2023-10-31T21:12:23","modified_gmt":"2023-11-01T00:12:23","slug":"el-presidente-de-la-federacion-de-bomberos-voluntarios-estuvo-en-olavarria","status":"publish","type":"post","link":"https:\/\/cdnoticias.com\/index.php\/2023\/10\/31\/el-presidente-de-la-federacion-de-bomberos-voluntarios-estuvo-en-olavarria\/","title":{"rendered":"El Presidente de la Federaci\u00f3n de Bomberos Voluntarios estuvo en Olavarr\u00eda"},"content":{"rendered":"<p>Se trata de Osvaldo Liri, quien destac\u00f3 que las recorridas son de cara a proyectos del a\u00f1o pr\u00f3ximo: \u201cBuscamos dar un salto del oficio a la profesionalizaci\u00f3n\u201d dijo. <!--more--><\/p>\n<hr \/>\n<p>En una recorrida por los cuarteles de la Provincia de Buenos Aires,<strong> el Presidente de la Federaci\u00f3n de Bomberos Voluntarios de la Provincia Osvaldo Lori, realiz\u00f3 una visita por las instalaciones del Cuartel Central de Olavarr\u00eda.<\/strong><\/p>\n<p>&nbsp;<\/p>\n<p>A poco de su tercera reelecci\u00f3n como Presidente de la Federaci\u00f3n de Bomberos Voluntarios de la Provincia,<strong> Osvaldo Lori realiz\u00f3 una recorrida por el Cuartel Central local y se reuni\u00f3 con los principales referentes de la instituci\u00f3n, de cara a las actividades y proyectos para este pr\u00f3ximo 2024.<\/strong><\/p>\n<p>&nbsp;<\/p>\n<blockquote><p>\u201cEs un honor y un privilegio ser el referente de la federaci\u00f3n m\u00e1s numerosa del pa\u00eds\u201d expres\u00f3.<\/p><\/blockquote>\n<p>&nbsp;<\/p>\n<p><strong>La Provincia de Buenos Aires cuenta con un total de 184 cuarteles y 7.449 bomberos.<\/strong> En este sentido, es que Lori habl\u00f3 respecto a<strong> la necesidad de profesionalizar la vocaci\u00f3n de todos los bomberos voluntarios.<\/strong><\/p>\n<p>&nbsp;<\/p>\n<blockquote><p>\u201cLa creaci\u00f3n del Centro de Entrenamientos &#8211; uno de los primeros federativos a nivel nacional-, el trabajo de la Federaci\u00f3n con otras instituciones como casas de alto de estudios, con la Polic\u00eda Federal Argentina, los Ministerios tanto de Desarrollo como de Seguridad, son trabajos que buscan dar un salto del oficio a la profesionalizaci\u00f3n del Bombero Voluntario\u201d.<\/p><\/blockquote>\n<p>&nbsp;<\/p>\n<p>Sin embargo, expres\u00f3 que para llevar a cabo esta profesionalizaci\u00f3n que se le demanda a la instituci\u00f3n, <strong>es necesario contar con herramientas t\u00e9cnicas que est\u00e9n a la altura y contribuyan a la labor de las y los bomberos.<\/strong><\/p>\n<p>&nbsp;<\/p>\n<p><em>\u201cA nadie, se le ocurrir\u00eda equipar a una entidad de emergencia como Hospitales o la polic\u00eda con unidades modelo 90, sin embargo, los bomberos en su mayor\u00eda estamos equipados con ese tipo de unidades. Somos coleccionistas. Compramos unidades que est\u00e1n fuera de servicio en otros lugares y funcionan porque nosotros las hacemos funcionar. Estamos brindando un servicio de calidad con unidades y elementos que est\u00e1n fuera de servicio. Olavarr\u00eda es la excepci\u00f3n, a la vista est\u00e1, pero en el resto de ciudades se ata todo con alambres\u201d.<\/em><\/p>\n<p>&nbsp;<\/p>\n<p>Por este motivo es que desde la Federaci\u00f3n se present\u00f3 un proyecto en la C\u00e1mara de Diputados de la Naci\u00f3n para redefinir los financiamientos que sustentan a los cuarteles de la provincia y el pa\u00eds. De esta manera, y con el adecuado apoyo estatal, <strong>las asociaciones de bomberos podr\u00edan costear algunos de los gastos que se presentan como: equipos e indumentaria, combustible, autopartes, camionetas y la renovaci\u00f3n de los parques automotores.<\/strong><\/p>\n<p>&nbsp;<\/p>\n<p>Por \u00faltimo<strong>, destac\u00f3 la importancia del trabajo colectivo entre bomberos, polic\u00eda, m\u00e9dicos, y todos los servicios de emergencia e instituciones que tienen como objetivo proteger a la ciudadan\u00eda.<\/strong><\/p>\n<p>&nbsp;<\/p>\n","protected":false},"excerpt":{"rendered":"<p>Se trata de Osvaldo Liri, quien destac\u00f3 que las recorridas son de cara a proyectos del a\u00f1o pr\u00f3ximo: \u201cBuscamos dar<\/p>\n","protected":false},"author":6,"featured_media":100779,"comment_status":"closed","ping_status":"closed","sticky":false,"template":"","format":"standard","meta":{"_jetpack_memberships_contains_paid_content":false,"footnotes":""},"categories":[5,1],"tags":[],"class_list":["post-100778","post","type-post","status-publish","format-standard","has-post-thumbnail","hentry","category-informacion-general","category-portada"],"jetpack_featured_media_url":"https:\/\/i0.wp.com\/cdnoticias.com\/wp-content\/uploads\/2023\/10\/Osvaldo-Lori-01.jpg?fit=1280%2C720&ssl=1","jetpack_sharing_enabled":true,"_links":{"self":[{"href":"https:\/\/cdnoticias.com\/index.php\/wp-json\/wp\/v2\/posts\/100778","targetHints":{"allow":["GET"]}}],"collection":[{"href":"https:\/\/cdnoticias.com\/index.php\/wp-json\/wp\/v2\/posts"}],"about":[{"href":"https:\/\/cdnoticias.com\/index.php\/wp-json\/wp\/v2\/types\/post"}],"author":[{"embeddable":true,"href":"https:\/\/cdnoticias.com\/index.php\/wp-json\/wp\/v2\/users\/6"}],"replies":[{"embeddable":true,"href":"https:\/\/cdnoticias.com\/index.php\/wp-json\/wp\/v2\/comments?post=100778"}],"version-history":[{"count":0,"href":"https:\/\/cdnoticias.com\/index.php\/wp-json\/wp\/v2\/posts\/100778\/revisions"}],"wp:featuredmedia":[{"embeddable":true,"href":"https:\/\/cdnoticias.com\/index.php\/wp-json\/wp\/v2\/media\/100779"}],"wp:attachment":[{"href":"https:\/\/cdnoticias.com\/index.php\/wp-json\/wp\/v2\/media?parent=100778"}],"wp:term":[{"taxonomy":"category","embeddable":true,"href":"https:\/\/cdnoticias.com\/index.php\/wp-json\/wp\/v2\/categories?post=100778"},{"taxonomy":"post_tag","embeddable":true,"href":"https:\/\/cdnoticias.com\/index.php\/wp-json\/wp\/v2\/tags?post=100778"}],"curies":[{"name":"wp","href":"https:\/\/api.w.org\/{rel}","templated":true}]}}