{"id":100740,"date":"2023-10-31T12:36:52","date_gmt":"2023-10-31T15:36:52","guid":{"rendered":"https:\/\/cdnoticias.com\/?p=100740"},"modified":"2023-10-31T18:29:09","modified_gmt":"2023-10-31T21:29:09","slug":"se-develo-el-misterio-del-hallazgo-de-restos-humanos","status":"publish","type":"post","link":"https:\/\/cdnoticias.com\/index.php\/2023\/10\/31\/se-develo-el-misterio-del-hallazgo-de-restos-humanos\/","title":{"rendered":"Se devel\u00f3 el misterio del hallazgo de restos humanos"},"content":{"rendered":"<p>Las averiguaciones del personal policial avanzaron a determinar que datan de hace m\u00e1s de 20 a\u00f1os. Un estudiante de medicina se present\u00f3 como responsable.<\/p>\n<p><!--more--><\/p>\n<hr \/>\n<p>Tras el<strong> hallazgo de restos humanos en una bolsa de residuos<\/strong> hacia las 8 de la ma\u00f1ana de este lunes, <strong>avanzaron las averiguaciones policiales<\/strong> y se logr\u00f3 <strong>determinar el origen.<\/strong><\/p>\n<p>&nbsp;<\/p>\n<p><a href=\"https:\/\/cdnoticias.com\/index.php\/2023\/10\/31\/hallazgo-de-restos-humanos-en-una-bolsa-en-villa-floresta\/\" target=\"_blank\" rel=\"noopener\">Tal como se indic\u00f3<\/a>, el hallazgo fue realizado <strong>por personal de recolecci\u00f3n de residuos en Azopardo al 4400<\/strong>, casi Moya.<\/p>\n<p>&nbsp;<\/p>\n<p>Personal de <strong>Polic\u00eda Cient\u00edfica<\/strong> trabaj\u00f3 en el lugar para<strong> recoger los huesos<\/strong> y realizar los estudios correspondientes.<\/p>\n<p>&nbsp;<\/p>\n<blockquote><p>En ese sentido, desde la Estaci\u00f3n Departamental de Polic\u00eda de Olavarr\u00eda se confirm\u00f3 a <strong>Central de Noticias<\/strong> que los restos efectivamente son \u201chuesos humanos\u201d, los cuales se encontraban \u201claqueados o barnizados\u201d y que asimismo estaban \u201crotulados con t\u00e9rminos m\u00e9dicos\u201d.<\/p><\/blockquote>\n<p>&nbsp;<\/p>\n<p><img data-recalc-dims=\"1\" loading=\"lazy\" decoding=\"async\" class=\"size-full wp-image-100709 aligncenter\" src=\"https:\/\/i0.wp.com\/cdnoticias.com\/wp-content\/uploads\/2023\/10\/restos-humanos-03.jpg?resize=800%2C445&#038;ssl=1\" alt=\"\" width=\"800\" height=\"445\" srcset=\"https:\/\/i0.wp.com\/cdnoticias.com\/wp-content\/uploads\/2023\/10\/restos-humanos-03.jpg?w=800&amp;ssl=1 800w, https:\/\/i0.wp.com\/cdnoticias.com\/wp-content\/uploads\/2023\/10\/restos-humanos-03.jpg?resize=300%2C167&amp;ssl=1 300w, https:\/\/i0.wp.com\/cdnoticias.com\/wp-content\/uploads\/2023\/10\/restos-humanos-03.jpg?resize=768%2C427&amp;ssl=1 768w\" sizes=\"auto, (max-width: 800px) 100vw, 800px\" \/><\/p>\n<p>&nbsp;<\/p>\n<p>En ese punto, <strong>tom\u00f3 fuerza la hip\u00f3tesis de que el origen de los restos correspond\u00eda a una persona que estudia medicina<\/strong>.<\/p>\n<p>&nbsp;<\/p>\n<p>Las novedades en ese sentido tuvieron un avance importante, ya que<strong> se present\u00f3 en sede policial un joven quien es estudiante de la carrera<\/strong>. Poco antes del mediod\u00eda <strong>brind\u00f3 su declaraci\u00f3n<\/strong> acompa\u00f1ado por un representante legal y <strong>se hizo responsable de haber dejado los restos<\/strong> en una bolsa.<\/p>\n<p>&nbsp;<\/p>\n<blockquote><p>El joven expuso que los restos hab\u00edan sido utilizados \u201chace 20 a\u00f1os\u201d por un familiar tambi\u00e9n para estudiar en la carrera de medicina.<\/p><\/blockquote>\n<p>&nbsp;<\/p>\n<p>Desde la Estaci\u00f3n de Seguridad se aclar\u00f3 asimismo que <strong>el joven vive en las inmediaciones del lugar del hallazgo<\/strong>, pero que cuando el personal policial hizo el relevamiento en los domicilios cercanos no hab\u00eda nadie en la casa. Por ello, horas despu\u00e9s el joven se present\u00f3 espont\u00e1neamente en la sede policial.<\/p>\n<p>&nbsp;<\/p>\n<p><img data-recalc-dims=\"1\" loading=\"lazy\" decoding=\"async\" class=\"size-full wp-image-100708 aligncenter\" src=\"https:\/\/i0.wp.com\/cdnoticias.com\/wp-content\/uploads\/2023\/10\/restos-humanos-02.jpg?resize=800%2C445&#038;ssl=1\" alt=\"\" width=\"800\" height=\"445\" srcset=\"https:\/\/i0.wp.com\/cdnoticias.com\/wp-content\/uploads\/2023\/10\/restos-humanos-02.jpg?w=800&amp;ssl=1 800w, https:\/\/i0.wp.com\/cdnoticias.com\/wp-content\/uploads\/2023\/10\/restos-humanos-02.jpg?resize=300%2C167&amp;ssl=1 300w, https:\/\/i0.wp.com\/cdnoticias.com\/wp-content\/uploads\/2023\/10\/restos-humanos-02.jpg?resize=768%2C427&amp;ssl=1 768w\" sizes=\"auto, (max-width: 800px) 100vw, 800px\" \/><\/p>\n","protected":false},"excerpt":{"rendered":"<p>Las averiguaciones del personal policial avanzaron a determinar que datan de hace m\u00e1s de 20 a\u00f1os. Un estudiante de medicina<\/p>\n","protected":false},"author":4,"featured_media":100710,"comment_status":"closed","ping_status":"closed","sticky":false,"template":"","format":"standard","meta":{"_jetpack_memberships_contains_paid_content":false,"footnotes":""},"categories":[14,1],"tags":[],"class_list":["post-100740","post","type-post","status-publish","format-standard","has-post-thumbnail","hentry","category-policiales","category-portada"],"jetpack_featured_media_url":"https:\/\/i0.wp.com\/cdnoticias.com\/wp-content\/uploads\/2023\/10\/restos-humanos-04.jpg?fit=800%2C445&ssl=1","jetpack_sharing_enabled":true,"_links":{"self":[{"href":"https:\/\/cdnoticias.com\/index.php\/wp-json\/wp\/v2\/posts\/100740","targetHints":{"allow":["GET"]}}],"collection":[{"href":"https:\/\/cdnoticias.com\/index.php\/wp-json\/wp\/v2\/posts"}],"about":[{"href":"https:\/\/cdnoticias.com\/index.php\/wp-json\/wp\/v2\/types\/post"}],"author":[{"embeddable":true,"href":"https:\/\/cdnoticias.com\/index.php\/wp-json\/wp\/v2\/users\/4"}],"replies":[{"embeddable":true,"href":"https:\/\/cdnoticias.com\/index.php\/wp-json\/wp\/v2\/comments?post=100740"}],"version-history":[{"count":0,"href":"https:\/\/cdnoticias.com\/index.php\/wp-json\/wp\/v2\/posts\/100740\/revisions"}],"wp:featuredmedia":[{"embeddable":true,"href":"https:\/\/cdnoticias.com\/index.php\/wp-json\/wp\/v2\/media\/100710"}],"wp:attachment":[{"href":"https:\/\/cdnoticias.com\/index.php\/wp-json\/wp\/v2\/media?parent=100740"}],"wp:term":[{"taxonomy":"category","embeddable":true,"href":"https:\/\/cdnoticias.com\/index.php\/wp-json\/wp\/v2\/categories?post=100740"},{"taxonomy":"post_tag","embeddable":true,"href":"https:\/\/cdnoticias.com\/index.php\/wp-json\/wp\/v2\/tags?post=100740"}],"curies":[{"name":"wp","href":"https:\/\/api.w.org\/{rel}","templated":true}]}}