{"id":100738,"date":"2023-11-02T08:43:37","date_gmt":"2023-11-02T11:43:37","guid":{"rendered":"https:\/\/cdnoticias.com\/?p=100738"},"modified":"2023-11-02T08:43:39","modified_gmt":"2023-11-02T11:43:39","slug":"feria-de-artesanos-en-el-centro-de-la-ciudad","status":"publish","type":"post","link":"https:\/\/cdnoticias.com\/index.php\/2023\/11\/02\/feria-de-artesanos-en-el-centro-de-la-ciudad\/","title":{"rendered":"Feria de artesanos en el centro de la ciudad"},"content":{"rendered":"<p>Desde el viernes se montar\u00e1n los puestos en la plaza Coronel Olavarr\u00eda y el Paseo Mend\u00eda. La feria se mantendr\u00e1 hasta el domingo. <!--more--><\/p>\n<hr \/>\n<p>La plaza central Coronel Olavarr\u00eda y el Paseo Mend\u00eda se convertir\u00e1n nuevamente en una<strong> gran feria de artesanos durante el pr\u00f3ximo fin de semana.<\/strong><\/p>\n<p>Desde la Subsecretar\u00eda de Cultura Municipal se detall\u00f3 que la propuesta se llevar\u00e1 a cabo a<strong> partir de este viernes 3 de noviembre y hasta el domingo inclusive, siempre en el horario de 10 a 20 horas.<\/strong><\/p>\n<p>Participar\u00e1n <strong>artesanos locales<\/strong> que utilizan diferentes t\u00e9cnicas tales como papel mach\u00e9, orfebrer\u00eda, tejido en telar, hilado, encuadernaci\u00f3n, cester\u00eda ecol\u00f3gica, tejido en paja vizcachera, cer\u00e1mica, vitrofusi\u00f3n, marroquiner\u00eda,madera, amigurumis, macram\u00e9, velas, pintura art\u00edstica, bordado, artesan\u00eda reciclada y resignificaci\u00f3n.<\/p>\n<p>El objetivo de esta propuesta es impulsar y reconocer la actividad artesanal en el Partido de Olavarr\u00eda, y que a trav\u00e9s de este tipo de eventos se permita dar un espacio de encuentro y sociabilizaci\u00f3n, generando v\u00ednculos y colaborando a la econom\u00eda social.<\/p>\n","protected":false},"excerpt":{"rendered":"<p>Desde el viernes se montar\u00e1n los puestos en la plaza Coronel Olavarr\u00eda y el Paseo Mend\u00eda. La feria se mantendr\u00e1<\/p>\n","protected":false},"author":2,"featured_media":80635,"comment_status":"closed","ping_status":"closed","sticky":false,"template":"","format":"standard","meta":{"_jetpack_memberships_contains_paid_content":false,"footnotes":""},"categories":[9,1],"tags":[],"class_list":["post-100738","post","type-post","status-publish","format-standard","has-post-thumbnail","hentry","category-cultura","category-portada"],"jetpack_featured_media_url":"https:\/\/i0.wp.com\/cdnoticias.com\/wp-content\/uploads\/2023\/03\/feria-de-artesanos-02.jpg?fit=800%2C445&ssl=1","jetpack_sharing_enabled":true,"_links":{"self":[{"href":"https:\/\/cdnoticias.com\/index.php\/wp-json\/wp\/v2\/posts\/100738","targetHints":{"allow":["GET"]}}],"collection":[{"href":"https:\/\/cdnoticias.com\/index.php\/wp-json\/wp\/v2\/posts"}],"about":[{"href":"https:\/\/cdnoticias.com\/index.php\/wp-json\/wp\/v2\/types\/post"}],"author":[{"embeddable":true,"href":"https:\/\/cdnoticias.com\/index.php\/wp-json\/wp\/v2\/users\/2"}],"replies":[{"embeddable":true,"href":"https:\/\/cdnoticias.com\/index.php\/wp-json\/wp\/v2\/comments?post=100738"}],"version-history":[{"count":0,"href":"https:\/\/cdnoticias.com\/index.php\/wp-json\/wp\/v2\/posts\/100738\/revisions"}],"wp:featuredmedia":[{"embeddable":true,"href":"https:\/\/cdnoticias.com\/index.php\/wp-json\/wp\/v2\/media\/80635"}],"wp:attachment":[{"href":"https:\/\/cdnoticias.com\/index.php\/wp-json\/wp\/v2\/media?parent=100738"}],"wp:term":[{"taxonomy":"category","embeddable":true,"href":"https:\/\/cdnoticias.com\/index.php\/wp-json\/wp\/v2\/categories?post=100738"},{"taxonomy":"post_tag","embeddable":true,"href":"https:\/\/cdnoticias.com\/index.php\/wp-json\/wp\/v2\/tags?post=100738"}],"curies":[{"name":"wp","href":"https:\/\/api.w.org\/{rel}","templated":true}]}}