{"id":10072,"date":"2020-12-28T17:06:59","date_gmt":"2020-12-28T20:06:59","guid":{"rendered":"http:\/\/www.centraldenoticias.com.ar\/?p=10072"},"modified":"2020-12-28T17:06:59","modified_gmt":"2020-12-28T20:06:59","slug":"necochea-una-policia-murio-en-la-persecucion-de-un-auto-en-el-que-una-joven-pedia-auxilio","status":"publish","type":"post","link":"https:\/\/cdnoticias.com\/index.php\/2020\/12\/28\/necochea-una-policia-murio-en-la-persecucion-de-un-auto-en-el-que-una-joven-pedia-auxilio\/","title":{"rendered":"Necochea: Una polic\u00eda muri\u00f3 en la persecuci\u00f3n de un auto en el que una joven ped\u00eda auxilio"},"content":{"rendered":"<p>Ten\u00eda 27 a\u00f1os y era madre de dos hijos. Otro agente se encuentra con pron\u00f3stico reservado.<\/p>\n<p><!--more--><\/p>\n<hr \/>\n<p>En las \u00faltimas horas <strong>una joven agente policial del Comando de Patrullas de Necochea muri\u00f3 luego de que el m\u00f3vil en el que viajaba fuera impactado violentamente por otro auto en una persecuci\u00f3n que tuvo como escenario la Ruta 86.<\/strong><\/p>\n<p>&nbsp;<\/p>\n<p><img data-recalc-dims=\"1\" loading=\"lazy\" decoding=\"async\" class=\"alignnone size-large wp-image-10075\" src=\"https:\/\/i0.wp.com\/cdnoticias.com\/wp-content\/uploads\/2020\/12\/WhatsApp-Image-2020-12-28-at-08.31.04.jpeg?resize=800%2C600&#038;ssl=1\" alt=\"\" width=\"800\" height=\"600\" srcset=\"https:\/\/i0.wp.com\/cdnoticias.com\/wp-content\/uploads\/2020\/12\/WhatsApp-Image-2020-12-28-at-08.31.04.jpeg?resize=1024%2C768&amp;ssl=1 1024w, https:\/\/i0.wp.com\/cdnoticias.com\/wp-content\/uploads\/2020\/12\/WhatsApp-Image-2020-12-28-at-08.31.04.jpeg?resize=300%2C225&amp;ssl=1 300w, https:\/\/i0.wp.com\/cdnoticias.com\/wp-content\/uploads\/2020\/12\/WhatsApp-Image-2020-12-28-at-08.31.04.jpeg?resize=768%2C576&amp;ssl=1 768w, https:\/\/i0.wp.com\/cdnoticias.com\/wp-content\/uploads\/2020\/12\/WhatsApp-Image-2020-12-28-at-08.31.04.jpeg?w=1152&amp;ssl=1 1152w\" sizes=\"auto, (max-width: 800px) 100vw, 800px\" \/><\/p>\n<p>&nbsp;<\/p>\n<p>Seg\u00fan se investiga, todo se inici\u00f3 en el casco urbano de la ciudad balnearia, m\u00e1s precisamente sobre 59 y 24. <strong>Un llamado al servicio de emergencias dio cuenta que en ese sitio se hab\u00eda visto a una joven sacar la cabeza por la ventanilla de un Ford Fiesta Max a medida que gritaba por auxilio.<\/strong><\/p>\n<p>&nbsp;<\/p>\n<p>Se despleg\u00f3 un operativo cerrojo que permiti\u00f3 detectar ese rodado sobre la Ruta 86. Las sirenas y las llamadas de atenci\u00f3n fueron est\u00e9riles para que el conductor, de 36 a\u00f1os, detuviera la marcha. En ese marco <strong>colision\u00f3 violentamente contra uno de los laterales del patrullero, una Renault Oroch, tripulada por dos agentes de seguridad.<\/strong><\/p>\n<p>&nbsp;<\/p>\n<p><img data-recalc-dims=\"1\" loading=\"lazy\" decoding=\"async\" class=\"alignnone size-large wp-image-10076\" src=\"https:\/\/i0.wp.com\/cdnoticias.com\/wp-content\/uploads\/2020\/12\/WhatsApp-Image-2020-12-28-at-08.31.05.jpeg?resize=800%2C600&#038;ssl=1\" alt=\"\" width=\"800\" height=\"600\" srcset=\"https:\/\/i0.wp.com\/cdnoticias.com\/wp-content\/uploads\/2020\/12\/WhatsApp-Image-2020-12-28-at-08.31.05.jpeg?resize=1024%2C768&amp;ssl=1 1024w, https:\/\/i0.wp.com\/cdnoticias.com\/wp-content\/uploads\/2020\/12\/WhatsApp-Image-2020-12-28-at-08.31.05.jpeg?resize=300%2C225&amp;ssl=1 300w, https:\/\/i0.wp.com\/cdnoticias.com\/wp-content\/uploads\/2020\/12\/WhatsApp-Image-2020-12-28-at-08.31.05.jpeg?resize=768%2C576&amp;ssl=1 768w, https:\/\/i0.wp.com\/cdnoticias.com\/wp-content\/uploads\/2020\/12\/WhatsApp-Image-2020-12-28-at-08.31.05.jpeg?w=1152&amp;ssl=1 1152w\" sizes=\"auto, (max-width: 800px) 100vw, 800px\" \/><\/p>\n<p>&nbsp;<\/p>\n<p>Como saldo de ese impacto <strong>perdi\u00f3 la vida la oficial Bel\u00e9n Corval\u00e1n, de 27 a\u00f1os y madre de dos hijos, y su compa\u00f1ero, el oficial Sebasti\u00e1n Moreno, sufri\u00f3 graves heridas, siendo derivado de urgencia a un centro asistencial, donde permanece internado con pron\u00f3stico reservado.<\/strong> El conductor del Ford, por su parte, result\u00f3 ileso mientras que la joven que viajaba junto a \u00e9l, de 26 a\u00f1os, se encuentra internada en observaci\u00f3n.<\/p>\n<p>&nbsp;<\/p>\n<blockquote><p>Los restos de la oficial Bel\u00e9n Corvalan fueron inhumados en el inicio de la tarde de este lunes, en un masivo cortejo<\/p><\/blockquote>\n<p>&nbsp;<\/p>\n<p>El conductor del Ford, identificado como Andr\u00e9s Morales, ahora permanece alojado en una seccional policial imputado por los delitos, en principio, de<strong> \u201chomicidio doloso agravado\u201d y \u201clesiones (dos hechos)\u201d, a disposici\u00f3n de la fiscal\u00eda 3 del Departamento Judicial de Necochea.<\/strong><\/p>\n","protected":false},"excerpt":{"rendered":"<p>Ten\u00eda 27 a\u00f1os y era madre de dos hijos. Otro agente se encuentra con pron\u00f3stico reservado.<\/p>\n","protected":false},"author":3,"featured_media":10074,"comment_status":"closed","ping_status":"closed","sticky":false,"template":"","format":"standard","meta":{"_jetpack_memberships_contains_paid_content":false,"footnotes":""},"categories":[6,1],"tags":[],"class_list":["post-10072","post","type-post","status-publish","format-standard","has-post-thumbnail","hentry","category-nacionales","category-portada"],"jetpack_featured_media_url":"https:\/\/i0.wp.com\/cdnoticias.com\/wp-content\/uploads\/2020\/12\/WhatsApp-Image-2020-12-28-at-08.31.03-e1609185698808.jpeg?fit=953%2C620&ssl=1","jetpack_sharing_enabled":true,"_links":{"self":[{"href":"https:\/\/cdnoticias.com\/index.php\/wp-json\/wp\/v2\/posts\/10072","targetHints":{"allow":["GET"]}}],"collection":[{"href":"https:\/\/cdnoticias.com\/index.php\/wp-json\/wp\/v2\/posts"}],"about":[{"href":"https:\/\/cdnoticias.com\/index.php\/wp-json\/wp\/v2\/types\/post"}],"author":[{"embeddable":true,"href":"https:\/\/cdnoticias.com\/index.php\/wp-json\/wp\/v2\/users\/3"}],"replies":[{"embeddable":true,"href":"https:\/\/cdnoticias.com\/index.php\/wp-json\/wp\/v2\/comments?post=10072"}],"version-history":[{"count":0,"href":"https:\/\/cdnoticias.com\/index.php\/wp-json\/wp\/v2\/posts\/10072\/revisions"}],"wp:featuredmedia":[{"embeddable":true,"href":"https:\/\/cdnoticias.com\/index.php\/wp-json\/wp\/v2\/media\/10074"}],"wp:attachment":[{"href":"https:\/\/cdnoticias.com\/index.php\/wp-json\/wp\/v2\/media?parent=10072"}],"wp:term":[{"taxonomy":"category","embeddable":true,"href":"https:\/\/cdnoticias.com\/index.php\/wp-json\/wp\/v2\/categories?post=10072"},{"taxonomy":"post_tag","embeddable":true,"href":"https:\/\/cdnoticias.com\/index.php\/wp-json\/wp\/v2\/tags?post=10072"}],"curies":[{"name":"wp","href":"https:\/\/api.w.org\/{rel}","templated":true}]}}