{"id":10068,"date":"2020-12-28T16:21:36","date_gmt":"2020-12-28T19:21:36","guid":{"rendered":"http:\/\/www.centraldenoticias.com.ar\/?p=10068"},"modified":"2020-12-28T17:56:42","modified_gmt":"2020-12-28T20:56:42","slug":"covid19-en-la-region-por-contacto-estrecho-aislaron-al-intendente-de-general-la-madrid","status":"publish","type":"post","link":"https:\/\/cdnoticias.com\/index.php\/2020\/12\/28\/covid19-en-la-region-por-contacto-estrecho-aislaron-al-intendente-de-general-la-madrid\/","title":{"rendered":"Covid19 en la regi\u00f3n: por \u201ccontacto estrecho\u201d aislaron al intendente de General La Madrid"},"content":{"rendered":"<p>Id\u00e9ntica medida se dispuso con otros integrantes de su gabinete. A la par, Bol\u00edvar contabiliza m\u00e1s de 600 casos activos.<\/p>\n<p><!--more--><\/p>\n<hr \/>\n<p>Mientras se espera con ansias<a href=\"https:\/\/cdnoticias.com\/index.php\/2020\/12\/28\/este-martes-comienza-la-vacunacion-del-personal-de-salud-en-toda-la-provincia\/\" target=\"_blank\" rel=\"noopener\"> la puesta en marcha del plan de vacunaci\u00f3n<\/a>, que en una primera etapa estar\u00e1 destinado a personal de la salud, algunos distritos siguen afrontando un preocupante incremento de casos de coronavirus. Tal como ya se ha expuesto,<strong> en la regi\u00f3n la particularidad est\u00e1 dada en que son los municipios que mejor situaci\u00f3n afrontaron durante la mayor parte de la pandemia los que ahora parecen estar m\u00e1s complicados.<\/strong><\/p>\n<p>&nbsp;<\/p>\n<p><img data-recalc-dims=\"1\" loading=\"lazy\" decoding=\"async\" class=\"alignnone size-full wp-image-9065\" src=\"https:\/\/i0.wp.com\/cdnoticias.com\/wp-content\/uploads\/2020\/12\/la-madrid.jpg?resize=637%2C354&#038;ssl=1\" alt=\"\" width=\"637\" height=\"354\" srcset=\"https:\/\/i0.wp.com\/cdnoticias.com\/wp-content\/uploads\/2020\/12\/la-madrid.jpg?w=637&amp;ssl=1 637w, https:\/\/i0.wp.com\/cdnoticias.com\/wp-content\/uploads\/2020\/12\/la-madrid.jpg?resize=300%2C167&amp;ssl=1 300w\" sizes=\"auto, (max-width: 637px) 100vw, 637px\" \/><\/p>\n<p>&nbsp;<\/p>\n<p>Uno de esos casos es el de General La Madrid, que durante el pasado fin de semana registr\u00f3<a href=\"https:\/\/cdnoticias.com\/index.php\/2020\/12\/25\/nueva-alarma-en-la-madrid-dos-personas-fallecidas-por-covid\/\" target=\"_blank\" rel=\"noopener\"> dos muertes en cuesti\u00f3n de pocas horas<\/a>. Seg\u00fan el \u00faltimo parte difundido desde el Ejecutivo de la ciudad vecina son <strong>44 los casos activos, a los que se le suman alrededor de una veintena de casos sospechosos.<\/strong><\/p>\n<p>&nbsp;<\/p>\n<p><strong>\u201cSe triplicaron los casos en mes\u201d<\/strong>, se hab\u00eda enfatizado la semana pasada en una<a href=\"https:\/\/cdnoticias.com\/index.php\/2020\/12\/23\/general-la-madrid-se-triplicaron-los-casos-en-un-mes\/\" target=\"_blank\" rel=\"noopener\"> conferencia de prensa encabezada por el intendente Mart\u00edn Randazzo<\/a>, quien ahora tambi\u00e9n es parte de la noticia ya que es uno de los funcionarios municipales que <strong>debi\u00f3 ser aislado por \u201ccontacto estrecho\u201d<\/strong>. Si bien no trascendieron mayores detalles, se conoci\u00f3 que <strong>id\u00e9ntica medida se adopt\u00f3 con otros integrantes de su gabinete, como es el caso del secretario de Salud, Eduardo Bard\u00edn.<\/strong><\/p>\n<p>&nbsp;<\/p>\n<p><img data-recalc-dims=\"1\" loading=\"lazy\" decoding=\"async\" class=\"alignnone size-large wp-image-3945\" src=\"https:\/\/i0.wp.com\/cdnoticias.com\/wp-content\/uploads\/2020\/10\/20200413101554-fortalecimiento-social-y-prodiaba-atend.jpg?resize=800%2C533&#038;ssl=1\" alt=\"\" width=\"800\" height=\"533\" srcset=\"https:\/\/i0.wp.com\/cdnoticias.com\/wp-content\/uploads\/2020\/10\/20200413101554-fortalecimiento-social-y-prodiaba-atend.jpg?resize=1024%2C682&amp;ssl=1 1024w, https:\/\/i0.wp.com\/cdnoticias.com\/wp-content\/uploads\/2020\/10\/20200413101554-fortalecimiento-social-y-prodiaba-atend.jpg?resize=300%2C200&amp;ssl=1 300w, https:\/\/i0.wp.com\/cdnoticias.com\/wp-content\/uploads\/2020\/10\/20200413101554-fortalecimiento-social-y-prodiaba-atend.jpg?resize=768%2C511&amp;ssl=1 768w, https:\/\/i0.wp.com\/cdnoticias.com\/wp-content\/uploads\/2020\/10\/20200413101554-fortalecimiento-social-y-prodiaba-atend.jpg?resize=272%2C182&amp;ssl=1 272w, https:\/\/i0.wp.com\/cdnoticias.com\/wp-content\/uploads\/2020\/10\/20200413101554-fortalecimiento-social-y-prodiaba-atend.jpg?w=1200&amp;ssl=1 1200w\" sizes=\"auto, (max-width: 800px) 100vw, 800px\" \/><\/p>\n<p>&nbsp;<\/p>\n<p>Tambi\u00e9n es preocupante lo que viene sucediendo en <strong>Bol\u00edvar, el distrito de la regi\u00f3n con m\u00e1s casos activos de Covid19<\/strong>. De acuerdo con la \u00faltima comunicaci\u00f3n oficial son <strong>604 las personas que se encuentran actualmente con la enfermedad, una cifra que, por ejemplo, duplica los valores de Olavarr\u00eda y Tandil.<\/strong><\/p>\n<p>&nbsp;<\/p>\n<p>Por \u00faltimo, vale mencionar que Bol\u00edvar cuenta, al igual que La Madrid con 3 muertes por la pandemia y, adem\u00e1s, con <strong>181 casos en estudio<\/strong>.<\/p>\n<p>&nbsp;<\/p>\n<p><a href=\"http:\/\/www.infogl.com.ar\/articulos\/individual\/15767\/coronavirus-varios-integrantes-del-ejecutivo-municipal-aislados\" target=\"_blank\" rel=\"noopener\"><em>Con informaci\u00f3n de Info GL<\/em><\/a><\/p>\n","protected":false},"excerpt":{"rendered":"<p>Id\u00e9ntica medida se dispuso con otros integrantes de su gabinete. A la par, Bol\u00edvar contabiliza m\u00e1s de 600 casos activos.<\/p>\n","protected":false},"author":3,"featured_media":9820,"comment_status":"closed","ping_status":"closed","sticky":false,"template":"","format":"standard","meta":{"_jetpack_memberships_contains_paid_content":false,"footnotes":""},"categories":[6,1],"tags":[],"class_list":["post-10068","post","type-post","status-publish","format-standard","has-post-thumbnail","hentry","category-nacionales","category-portada"],"jetpack_featured_media_url":"https:\/\/i0.wp.com\/cdnoticias.com\/wp-content\/uploads\/2020\/12\/la-madrid-1.jpg?fit=987%2C555&ssl=1","jetpack_sharing_enabled":true,"_links":{"self":[{"href":"https:\/\/cdnoticias.com\/index.php\/wp-json\/wp\/v2\/posts\/10068","targetHints":{"allow":["GET"]}}],"collection":[{"href":"https:\/\/cdnoticias.com\/index.php\/wp-json\/wp\/v2\/posts"}],"about":[{"href":"https:\/\/cdnoticias.com\/index.php\/wp-json\/wp\/v2\/types\/post"}],"author":[{"embeddable":true,"href":"https:\/\/cdnoticias.com\/index.php\/wp-json\/wp\/v2\/users\/3"}],"replies":[{"embeddable":true,"href":"https:\/\/cdnoticias.com\/index.php\/wp-json\/wp\/v2\/comments?post=10068"}],"version-history":[{"count":0,"href":"https:\/\/cdnoticias.com\/index.php\/wp-json\/wp\/v2\/posts\/10068\/revisions"}],"wp:featuredmedia":[{"embeddable":true,"href":"https:\/\/cdnoticias.com\/index.php\/wp-json\/wp\/v2\/media\/9820"}],"wp:attachment":[{"href":"https:\/\/cdnoticias.com\/index.php\/wp-json\/wp\/v2\/media?parent=10068"}],"wp:term":[{"taxonomy":"category","embeddable":true,"href":"https:\/\/cdnoticias.com\/index.php\/wp-json\/wp\/v2\/categories?post=10068"},{"taxonomy":"post_tag","embeddable":true,"href":"https:\/\/cdnoticias.com\/index.php\/wp-json\/wp\/v2\/tags?post=10068"}],"curies":[{"name":"wp","href":"https:\/\/api.w.org\/{rel}","templated":true}]}}