{"id":100664,"date":"2023-10-30T16:31:38","date_gmt":"2023-10-30T19:31:38","guid":{"rendered":"https:\/\/cdnoticias.com\/?p=100664"},"modified":"2023-10-30T19:12:26","modified_gmt":"2023-10-30T22:12:26","slug":"falta-de-combustible-es-caotica-la-situacion","status":"publish","type":"post","link":"https:\/\/cdnoticias.com\/index.php\/2023\/10\/30\/falta-de-combustible-es-caotica-la-situacion\/","title":{"rendered":"Falta de combustible: \u201cEs ca\u00f3tica la situaci\u00f3n\u201d"},"content":{"rendered":"<p>Lo defini\u00f3 Alberto Abrigo, due\u00f1o de la estaci\u00f3n YPF de Moreno y Dorrego. \u201cEl combustible no est\u00e1 mientras no se pueda importar\u201d sostuvo para plantear la necesidad de ajuste de precio, \u201ctienen que subirlo acorde a la inflaci\u00f3n\u201d.<\/p>\n<p><!--more--><\/p>\n<hr \/>\n<p><strong>La falta de combustible afecta a Olavarr\u00eda desde hace m\u00e1s de una semana en forma sostenida<\/strong> y ya <a href=\"https:\/\/cdnoticias.com\/index.php\/2023\/10\/30\/faltante-de-combustible-modificacion-en-transporte-interurbano-para-este-lunes\/\" target=\"_blank\" rel=\"noopener\">impacta en el servicio de transporte p\u00fablico interurbano<\/a>. <strong>Alberto Abrigo, due\u00f1o de la estaci\u00f3n YPF de Moreno y Dorrego<\/strong>, habl\u00f3 con el <em>programa Levantate de Radio Sapiens (FM 102.7)<\/em> y defini\u00f3 <strong>\u201ces ca\u00f3tica la situaci\u00f3n\u201d<\/strong>.<\/p>\n<p>&nbsp;<\/p>\n<p>Indic\u00f3 que no hay miras de mejorar en el corto plazo al tiempo que aclar\u00f3 que <strong>\u201cnosotros estamos vendiendo en este momento porque descargamos un cami\u00f3n ayer\u201d<\/strong>. Apunt\u00f3 a que la falta de previsibilidad sobre el abastecimiento por parte de la petrolera afecta incluso a la organizaci\u00f3n laboral para con sus empleados. Tambi\u00e9n se refiri\u00f3 a las <a href=\"https:\/\/cdnoticias.com\/index.php\/2023\/10\/27\/falta-de-combustible-largas-colas-de-vehiculos-en-estaciones-de-servicio-locales\/\" target=\"_blank\" rel=\"noopener\"><strong>largas colas en las estaciones locales para la carga<\/strong> y sus consecuencias en el tr\u00e1nsito<\/a>.<\/p>\n<p>&nbsp;<\/p>\n<blockquote><p>\u201cNo s\u00e9 cu\u00e1ndo se va a normalizar esto\u201d plante\u00f3 para expresar que \u201cyo quisiera que nos digan c\u00f3mo seguimos, si vos ganas lo mismo y las cosas se duplican. Es una situaci\u00f3n tan loca que en este pa\u00eds no sabes qu\u00e9 hacer\u201d. El empresario advirti\u00f3 que \u201ces un problema que no le veo soluci\u00f3n a corto plazo\u201d.<\/p><\/blockquote>\n<p>&nbsp;<\/p>\n<p><img data-recalc-dims=\"1\" loading=\"lazy\" decoding=\"async\" class=\"size-full wp-image-100667 aligncenter\" src=\"https:\/\/i0.wp.com\/cdnoticias.com\/wp-content\/uploads\/2023\/10\/YPF-estacion-de-servicio-combustible-02.jpg?resize=800%2C450&#038;ssl=1\" alt=\"\" width=\"800\" height=\"450\" srcset=\"https:\/\/i0.wp.com\/cdnoticias.com\/wp-content\/uploads\/2023\/10\/YPF-estacion-de-servicio-combustible-02.jpg?w=800&amp;ssl=1 800w, https:\/\/i0.wp.com\/cdnoticias.com\/wp-content\/uploads\/2023\/10\/YPF-estacion-de-servicio-combustible-02.jpg?resize=300%2C169&amp;ssl=1 300w, https:\/\/i0.wp.com\/cdnoticias.com\/wp-content\/uploads\/2023\/10\/YPF-estacion-de-servicio-combustible-02.jpg?resize=768%2C432&amp;ssl=1 768w\" sizes=\"auto, (max-width: 800px) 100vw, 800px\" \/><\/p>\n<p>&nbsp;<\/p>\n<p>Afirm\u00f3 que <strong>se han registrado cierres de estaciones de servicio<\/strong> tanto de \u201clas blancas\u201d como las \u201cde bandera\u201d. \u201cLlega un punto en que no pod\u00e9s seguir trabajando porque la p\u00e9rdida ya ni siquiera te permite para decir \u00b4voy a aguantar\u00b4. Sin respaldo o sin una organizaci\u00f3n como para operativamente poder seguir manej\u00e1ndote, se hace muy dif\u00edcil. Nosotros somos muy chiquitos, somos una estaci\u00f3n chica y nos hacemos cargo de todos nosotros, somos dos o tres los que nos manejamos. Y vamos aguantando, pero cada vez se hace m\u00e1s dif\u00edcil. <strong>Los costos operativos son enormes. Encontr\u00e1s que cuando lleg\u00e1s a fin de mes gan\u00e1s lo mismo que hace dos meses y los costos te aumentaron un 50%\u201d<\/strong> resumi\u00f3 Alberto Abrigo sobre el panorama comercial para el rubro.<\/p>\n<p>&nbsp;<\/p>\n<p>El empresario apunt\u00f3 a la problem\u00e1tica de la importaci\u00f3n y su derivaci\u00f3n en los costos de venta al consumidor. <strong>\u201cEl combustible no est\u00e1 mientras no se pueda importar. Ac\u00e1 hay una realidad. Siempre se import\u00f3 a un 30% del combustible\u201d<\/strong> sostuvo.<\/p>\n<p>&nbsp;<\/p>\n<p><img data-recalc-dims=\"1\" loading=\"lazy\" decoding=\"async\" class=\"size-full wp-image-100665 aligncenter\" src=\"https:\/\/i0.wp.com\/cdnoticias.com\/wp-content\/uploads\/2023\/10\/YPF-estacion-de-servicio-combustible-00.jpg?resize=800%2C445&#038;ssl=1\" alt=\"\" width=\"800\" height=\"445\" srcset=\"https:\/\/i0.wp.com\/cdnoticias.com\/wp-content\/uploads\/2023\/10\/YPF-estacion-de-servicio-combustible-00.jpg?w=800&amp;ssl=1 800w, https:\/\/i0.wp.com\/cdnoticias.com\/wp-content\/uploads\/2023\/10\/YPF-estacion-de-servicio-combustible-00.jpg?resize=300%2C167&amp;ssl=1 300w, https:\/\/i0.wp.com\/cdnoticias.com\/wp-content\/uploads\/2023\/10\/YPF-estacion-de-servicio-combustible-00.jpg?resize=768%2C427&amp;ssl=1 768w\" sizes=\"auto, (max-width: 800px) 100vw, 800px\" \/><\/p>\n<p>&nbsp;<\/p>\n<p>Indic\u00f3 que <em>\u201cen cualquier pa\u00eds vecino te cobran un litro de s\u00faper 1.400 o 1500 pesos al cambio de la moneda nuestra.<\/em> Y fijate lo que vale ac\u00e1, un litro de agua mineral vale 600 pesos, agua destilada 800 y el litro de combustible 300 pesos\u201d.<\/p>\n<p>&nbsp;<\/p>\n<blockquote><p>En ese marco, consider\u00f3 que \u201cel combustible tiene que tener un valor real. Para que pueda haber combustible tienen que subirlo acorde a la inflaci\u00f3n que tenemos en el pa\u00eds, si no no se puede trabajar. Econ\u00f3micamente te fund\u00eds\u201d.<\/p><\/blockquote>\n<p>&nbsp;<\/p>\n<p>Asimismo, Abrigo a\u00f1adi\u00f3 que <strong>el faltante afecta a todo el transporte de cargas<\/strong> al se\u00f1alar que \u201cno pod\u00e9s largar un cami\u00f3n a la ruta porque no sab\u00e9s si va a conseguir combustible o no. Es bastante complicado y no s\u00e9 cu\u00e1ndo se va a terminar\u201d reiter\u00f3.<\/p>\n<p>&nbsp;<\/p>\n<blockquote class=\"wp-embedded-content\" data-secret=\"CkXLSH1Dsi\"><p><a href=\"https:\/\/cdnoticias.com\/index.php\/2023\/10\/23\/el-sector-esta-entrando-en-una-crisis-que-no-sabemos-como-va-a-terminar\/\">&#8220;El sector est\u00e1 entrando en una crisis que no sabemos c\u00f3mo va a terminar&#8221;<\/a><\/p><\/blockquote>\n<p><iframe loading=\"lazy\" class=\"wp-embedded-content\" sandbox=\"allow-scripts\" security=\"restricted\" style=\"position: absolute; clip: rect(1px, 1px, 1px, 1px);\" title=\"&#8220;&#8220;El sector est\u00e1 entrando en una crisis que no sabemos c\u00f3mo va a terminar&#8221;&#8221; &#8212; Central de Noticias | Olavarr\u00eda\" src=\"https:\/\/cdnoticias.com\/index.php\/2023\/10\/23\/el-sector-esta-entrando-en-una-crisis-que-no-sabemos-como-va-a-terminar\/embed\/#?secret=U0rKRFR81V#?secret=CkXLSH1Dsi\" data-secret=\"CkXLSH1Dsi\" width=\"600\" height=\"338\" frameborder=\"0\" marginwidth=\"0\" marginheight=\"0\" scrolling=\"no\"><\/iframe><\/p>\n","protected":false},"excerpt":{"rendered":"<p>Lo defini\u00f3 Alberto Abrigo, due\u00f1o de la estaci\u00f3n YPF de Moreno y Dorrego. \u201cEl combustible no est\u00e1 mientras no se<\/p>\n","protected":false},"author":1,"featured_media":79725,"comment_status":"closed","ping_status":"closed","sticky":false,"template":"","format":"standard","meta":{"_jetpack_memberships_contains_paid_content":false,"footnotes":""},"categories":[5,1],"tags":[],"class_list":["post-100664","post","type-post","status-publish","format-standard","has-post-thumbnail","hentry","category-informacion-general","category-portada"],"jetpack_featured_media_url":"https:\/\/i0.wp.com\/cdnoticias.com\/wp-content\/uploads\/2023\/03\/ypf-precios-marzo2023-2.jpg?fit=1414%2C787&ssl=1","jetpack_sharing_enabled":true,"_links":{"self":[{"href":"https:\/\/cdnoticias.com\/index.php\/wp-json\/wp\/v2\/posts\/100664","targetHints":{"allow":["GET"]}}],"collection":[{"href":"https:\/\/cdnoticias.com\/index.php\/wp-json\/wp\/v2\/posts"}],"about":[{"href":"https:\/\/cdnoticias.com\/index.php\/wp-json\/wp\/v2\/types\/post"}],"author":[{"embeddable":true,"href":"https:\/\/cdnoticias.com\/index.php\/wp-json\/wp\/v2\/users\/1"}],"replies":[{"embeddable":true,"href":"https:\/\/cdnoticias.com\/index.php\/wp-json\/wp\/v2\/comments?post=100664"}],"version-history":[{"count":0,"href":"https:\/\/cdnoticias.com\/index.php\/wp-json\/wp\/v2\/posts\/100664\/revisions"}],"wp:featuredmedia":[{"embeddable":true,"href":"https:\/\/cdnoticias.com\/index.php\/wp-json\/wp\/v2\/media\/79725"}],"wp:attachment":[{"href":"https:\/\/cdnoticias.com\/index.php\/wp-json\/wp\/v2\/media?parent=100664"}],"wp:term":[{"taxonomy":"category","embeddable":true,"href":"https:\/\/cdnoticias.com\/index.php\/wp-json\/wp\/v2\/categories?post=100664"},{"taxonomy":"post_tag","embeddable":true,"href":"https:\/\/cdnoticias.com\/index.php\/wp-json\/wp\/v2\/tags?post=100664"}],"curies":[{"name":"wp","href":"https:\/\/api.w.org\/{rel}","templated":true}]}}