{"id":100653,"date":"2023-10-30T12:57:14","date_gmt":"2023-10-30T15:57:14","guid":{"rendered":"https:\/\/cdnoticias.com\/?p=100653"},"modified":"2023-10-30T12:57:14","modified_gmt":"2023-10-30T15:57:14","slug":"encuentro-republicano-federal-olavarria-se-pronuncio-sobre-el-balotaje","status":"publish","type":"post","link":"https:\/\/cdnoticias.com\/index.php\/2023\/10\/30\/encuentro-republicano-federal-olavarria-se-pronuncio-sobre-el-balotaje\/","title":{"rendered":"Encuentro Republicano Federal Olavarr\u00eda se pronunci\u00f3 sobre el balotaje"},"content":{"rendered":"<p>En adhesi\u00f3n al mensaje del referente nacional, Miguel \u00c1ngel Pichetto, el espacio local se expres\u00f3 en neutralidad sobre la pr\u00f3xima elecci\u00f3n del 19 de noviembre.<\/p>\n<p><!--more--><\/p>\n<hr \/>\n<p><strong>El curismo se expres\u00f3 en neutralidad<\/strong> sobre la pr\u00f3xima<strong> elecci\u00f3n del 19 de noviembre en la que se definir\u00e1 la presidencia nacional<\/strong> entre Sergio Massa-Agust\u00edn Rossi de Uni\u00f3n por la Patria y Javier Milei-Victoria Villarruel de La Libertad Avanza.<\/p>\n<p>&nbsp;<\/p>\n<blockquote><p>\u201cEncuentro Republicano Federal Olavarr\u00eda, espacio que conduce el Cr.Mario Cura y adem\u00e1s representado por los ediles Nicol\u00e1s Marinangeli, Miriam Mosescu, y todo el grupo\/militantes adherimos al mensaje de qui\u00e9n es la figura representativa y presidente de nuestro partido, Miguel \u00c1ngel Pichetto\u201d se expuso a trav\u00e9s de un comunicado.<\/p><\/blockquote>\n<p>&nbsp;<\/p>\n<p>En ese sentido, reiteraron las palabras que hizo p\u00fablicas el<strong> referente nacional<\/strong> del espacio quien manifest\u00f3 <em>&#8220;no subestimo a la sociedad ni soy qui\u00e9n para indicarle a la ciudadan\u00eda lo que debe votar\u201d.<\/em><\/p>\n<blockquote class=\"twitter-tweet\">\n<p dir=\"ltr\" lang=\"es\">No subestimo a la sociedad ni soy qui\u00e9n para indicarle a la ciudadania lo que debe votar.<\/p>\n<p>Como diputado electo en el rol de opositor, fortalecer\u00e9 el espacio del centro democr\u00e1tico con la finalidad de asegurar la gobernabilidad en la Argentina. <a href=\"https:\/\/t.co\/y9dykoqK3d\">pic.twitter.com\/y9dykoqK3d<\/a><\/p>\n<p>\u2014 Miguel \u00c1ngel Pichetto (@MiguelPichetto) <a href=\"https:\/\/twitter.com\/MiguelPichetto\/status\/1717615774775267833?ref_src=twsrc%5Etfw\">October 26, 2023<\/a><\/p><\/blockquote>\n<p><script async src=\"https:\/\/platform.twitter.com\/widgets.js\" charset=\"utf-8\"><\/script><\/p>\n","protected":false},"excerpt":{"rendered":"<p>En adhesi\u00f3n al mensaje del referente nacional, Miguel \u00c1ngel Pichetto, el espacio local se expres\u00f3 en neutralidad sobre la pr\u00f3xima<\/p>\n","protected":false},"author":4,"featured_media":78375,"comment_status":"closed","ping_status":"closed","sticky":false,"template":"","format":"standard","meta":{"_jetpack_memberships_contains_paid_content":false,"footnotes":""},"categories":[4,1],"tags":[],"class_list":["post-100653","post","type-post","status-publish","format-standard","has-post-thumbnail","hentry","category-politica","category-portada"],"jetpack_featured_media_url":"https:\/\/i0.wp.com\/cdnoticias.com\/wp-content\/uploads\/2023\/03\/mario-cura-pichetto.jpg?fit=800%2C444&ssl=1","jetpack_sharing_enabled":true,"_links":{"self":[{"href":"https:\/\/cdnoticias.com\/index.php\/wp-json\/wp\/v2\/posts\/100653","targetHints":{"allow":["GET"]}}],"collection":[{"href":"https:\/\/cdnoticias.com\/index.php\/wp-json\/wp\/v2\/posts"}],"about":[{"href":"https:\/\/cdnoticias.com\/index.php\/wp-json\/wp\/v2\/types\/post"}],"author":[{"embeddable":true,"href":"https:\/\/cdnoticias.com\/index.php\/wp-json\/wp\/v2\/users\/4"}],"replies":[{"embeddable":true,"href":"https:\/\/cdnoticias.com\/index.php\/wp-json\/wp\/v2\/comments?post=100653"}],"version-history":[{"count":0,"href":"https:\/\/cdnoticias.com\/index.php\/wp-json\/wp\/v2\/posts\/100653\/revisions"}],"wp:featuredmedia":[{"embeddable":true,"href":"https:\/\/cdnoticias.com\/index.php\/wp-json\/wp\/v2\/media\/78375"}],"wp:attachment":[{"href":"https:\/\/cdnoticias.com\/index.php\/wp-json\/wp\/v2\/media?parent=100653"}],"wp:term":[{"taxonomy":"category","embeddable":true,"href":"https:\/\/cdnoticias.com\/index.php\/wp-json\/wp\/v2\/categories?post=100653"},{"taxonomy":"post_tag","embeddable":true,"href":"https:\/\/cdnoticias.com\/index.php\/wp-json\/wp\/v2\/tags?post=100653"}],"curies":[{"name":"wp","href":"https:\/\/api.w.org\/{rel}","templated":true}]}}