{"id":100626,"date":"2023-10-30T10:59:50","date_gmt":"2023-10-30T13:59:50","guid":{"rendered":"https:\/\/cdnoticias.com\/?p=100626"},"modified":"2023-10-30T13:29:36","modified_gmt":"2023-10-30T16:29:36","slug":"faltante-de-combustible-modificacion-en-transporte-interurbano-para-este-lunes","status":"publish","type":"post","link":"https:\/\/cdnoticias.com\/index.php\/2023\/10\/30\/faltante-de-combustible-modificacion-en-transporte-interurbano-para-este-lunes\/","title":{"rendered":"Faltante de combustible: modificaci\u00f3n en transporte interurbano para este lunes"},"content":{"rendered":"<p>Los cambios dispuestos afectan centralmente a los servicios de cierre de la jornada. El Municipio aclar\u00f3 que diariamente se informar\u00e1n las modificaciones si persiste el desabastecimiento.<\/p>\n<p><!--more--><\/p>\n<hr \/>\n<p>\u201cAtento a la escasez de combustible que afecta a todo el pa\u00eds, <strong>este lunes se realizar\u00e1n modificaciones en el servicio de transporte p\u00fablico interurbano de pasajeros\u201d<\/strong> comunic\u00f3 la Municipalidad.<\/p>\n<p>&nbsp;<\/p>\n<p>Los cambios dispuestos <strong>afectan centralmente a los servicios de cierre de la jornada.<\/strong><\/p>\n<p>&nbsp;<\/p>\n<blockquote><p>Se indic\u00f3 que los \u00faltimos servicios que saldr\u00e1n desde Olavarr\u00eda hacia las localidades ser\u00e1n en el horario de las 21. En tanto que el servicio que cerrar\u00e1 la jornada desde Loma Negra ser\u00e1 a las 21:45, desde Sierras Bayas a las 22:15 y de Hinojo regresar\u00e1 a las 22.<\/p><\/blockquote>\n<p>&nbsp;<\/p>\n<p><img data-recalc-dims=\"1\" loading=\"lazy\" decoding=\"async\" class=\"size-full wp-image-100627 aligncenter\" src=\"https:\/\/i0.wp.com\/cdnoticias.com\/wp-content\/uploads\/2023\/10\/transporte-interurbano-terminal-colectivo-00.jpg?resize=800%2C444&#038;ssl=1\" alt=\"\" width=\"800\" height=\"444\" srcset=\"https:\/\/i0.wp.com\/cdnoticias.com\/wp-content\/uploads\/2023\/10\/transporte-interurbano-terminal-colectivo-00.jpg?w=800&amp;ssl=1 800w, https:\/\/i0.wp.com\/cdnoticias.com\/wp-content\/uploads\/2023\/10\/transporte-interurbano-terminal-colectivo-00.jpg?resize=300%2C167&amp;ssl=1 300w, https:\/\/i0.wp.com\/cdnoticias.com\/wp-content\/uploads\/2023\/10\/transporte-interurbano-terminal-colectivo-00.jpg?resize=768%2C426&amp;ssl=1 768w\" sizes=\"auto, (max-width: 800px) 100vw, 800px\" \/><\/p>\n<p>&nbsp;<\/p>\n<p>Adem\u00e1s se ver\u00e1 afectado el servicio con la <strong>quita de los refuerzos de la l\u00ednea 514 que va hacia Hinojo en los horarios de 19 y 20.<\/strong><\/p>\n<p>&nbsp;<\/p>\n<blockquote><p>\u201cAnte la situaci\u00f3n que atraviesa el pa\u00eds por la falta de combustible y hasta que no se restablezca la normalidad de entrega de gasoil, las modificaciones del transporte p\u00fablico se ir\u00e1n informando d\u00eda a d\u00eda\u201d se destac\u00f3.<\/p><\/blockquote>\n<p>&nbsp;<\/p>\n<p>Cabe se\u00f1alar que<strong> los cambios en el servicio se dispusieron a partir del fin de semana pasado<\/strong>\u00a0<a href=\"https:\/\/cdnoticias.com\/index.php\/2023\/10\/27\/confirman-una-reduccion-del-transporte-interurbano-por-faltante-de-combustible\/\" target=\"_blank\" rel=\"noopener\">ante la dificultad de abastecimiento de combustible<\/a> que afecta a la empresa prestadora del transporte p\u00fablico interurbano, Las Sierras SRL.<\/p>\n","protected":false},"excerpt":{"rendered":"<p>Los cambios dispuestos afectan centralmente a los servicios de cierre de la jornada. El Municipio aclar\u00f3 que diariamente se informar\u00e1n<\/p>\n","protected":false},"author":4,"featured_media":100628,"comment_status":"closed","ping_status":"closed","sticky":false,"template":"","format":"standard","meta":{"_jetpack_memberships_contains_paid_content":false,"footnotes":""},"categories":[5,1],"tags":[],"class_list":["post-100626","post","type-post","status-publish","format-standard","has-post-thumbnail","hentry","category-informacion-general","category-portada"],"jetpack_featured_media_url":"https:\/\/i0.wp.com\/cdnoticias.com\/wp-content\/uploads\/2023\/10\/transporte-interurbano-terminal-colectivo-01.jpg?fit=800%2C445&ssl=1","jetpack_sharing_enabled":true,"_links":{"self":[{"href":"https:\/\/cdnoticias.com\/index.php\/wp-json\/wp\/v2\/posts\/100626","targetHints":{"allow":["GET"]}}],"collection":[{"href":"https:\/\/cdnoticias.com\/index.php\/wp-json\/wp\/v2\/posts"}],"about":[{"href":"https:\/\/cdnoticias.com\/index.php\/wp-json\/wp\/v2\/types\/post"}],"author":[{"embeddable":true,"href":"https:\/\/cdnoticias.com\/index.php\/wp-json\/wp\/v2\/users\/4"}],"replies":[{"embeddable":true,"href":"https:\/\/cdnoticias.com\/index.php\/wp-json\/wp\/v2\/comments?post=100626"}],"version-history":[{"count":0,"href":"https:\/\/cdnoticias.com\/index.php\/wp-json\/wp\/v2\/posts\/100626\/revisions"}],"wp:featuredmedia":[{"embeddable":true,"href":"https:\/\/cdnoticias.com\/index.php\/wp-json\/wp\/v2\/media\/100628"}],"wp:attachment":[{"href":"https:\/\/cdnoticias.com\/index.php\/wp-json\/wp\/v2\/media?parent=100626"}],"wp:term":[{"taxonomy":"category","embeddable":true,"href":"https:\/\/cdnoticias.com\/index.php\/wp-json\/wp\/v2\/categories?post=100626"},{"taxonomy":"post_tag","embeddable":true,"href":"https:\/\/cdnoticias.com\/index.php\/wp-json\/wp\/v2\/tags?post=100626"}],"curies":[{"name":"wp","href":"https:\/\/api.w.org\/{rel}","templated":true}]}}