{"id":100533,"date":"2023-10-29T17:19:39","date_gmt":"2023-10-29T20:19:39","guid":{"rendered":"https:\/\/cdnoticias.com\/?p=100533"},"modified":"2023-10-29T19:51:22","modified_gmt":"2023-10-29T22:51:22","slug":"una-mujer-amenazo-a-un-hombre-y-a-la-policia-con-un-cuchillo-y-fue-aprehendida","status":"publish","type":"post","link":"https:\/\/cdnoticias.com\/index.php\/2023\/10\/29\/una-mujer-amenazo-a-un-hombre-y-a-la-policia-con-un-cuchillo-y-fue-aprehendida\/","title":{"rendered":"Una mujer amenaz\u00f3 a un hombre y a la polic\u00eda con un cuchillo y fue aprehendida"},"content":{"rendered":"<p>El hecho se produjo este domingo en la localidad de Hinojo.<!--more--><\/p>\n<hr \/>\n<p>Este domingo, <strong>una mujer de 42 a\u00f1os fue aprehendida por personal de la subcomisar\u00eda de Hinojo luego de amenazar a un hombre con un cuchillo<\/strong> y, en paralelo, intentar agredir con la misma arma al personal policial.<\/p>\n<p>&nbsp;<\/p>\n<p>El hecho se produjo, seg\u00fan se detall\u00f3, en Mitre al 1900. Tras un llamado al 911, <strong>el personal policial certific\u00f3 que una mujer en \u201cestado de exaltaci\u00f3n y muy agresiva\u201d amenazaba de muerte a un hombre con un cuchillo.<\/strong><\/p>\n<p>&nbsp;<\/p>\n<p>Ante la intervenci\u00f3n policial, <strong>la mujer tambi\u00e9n los amenaz\u00f3 y por ello le quitaron el cuchillo y la apresaron.<\/strong><\/p>\n<p>&nbsp;<\/p>\n<p>Fue trasladada a la subcomisar\u00eda donde qued\u00f3 a disposici\u00f3n del fiscal de turno, de la UFI N\u00b010, en una causa caratulada como<strong><em> \u201cAmenazas agravadas infraganti delito y resistencia a la autoridad\u201d.<\/em><\/strong><\/p>\n","protected":false},"excerpt":{"rendered":"<p>El hecho se produjo este domingo en la localidad de Hinojo.<\/p>\n","protected":false},"author":2,"featured_media":100534,"comment_status":"closed","ping_status":"closed","sticky":false,"template":"","format":"standard","meta":{"_jetpack_memberships_contains_paid_content":false,"footnotes":""},"categories":[14,1],"tags":[],"class_list":["post-100533","post","type-post","status-publish","format-standard","has-post-thumbnail","hentry","category-policiales","category-portada"],"jetpack_featured_media_url":"https:\/\/i0.wp.com\/cdnoticias.com\/wp-content\/uploads\/2023\/10\/WhatsApp-Image-2023-10-29-at-13.04.18.jpeg?fit=1063%2C648&ssl=1","jetpack_sharing_enabled":true,"_links":{"self":[{"href":"https:\/\/cdnoticias.com\/index.php\/wp-json\/wp\/v2\/posts\/100533","targetHints":{"allow":["GET"]}}],"collection":[{"href":"https:\/\/cdnoticias.com\/index.php\/wp-json\/wp\/v2\/posts"}],"about":[{"href":"https:\/\/cdnoticias.com\/index.php\/wp-json\/wp\/v2\/types\/post"}],"author":[{"embeddable":true,"href":"https:\/\/cdnoticias.com\/index.php\/wp-json\/wp\/v2\/users\/2"}],"replies":[{"embeddable":true,"href":"https:\/\/cdnoticias.com\/index.php\/wp-json\/wp\/v2\/comments?post=100533"}],"version-history":[{"count":0,"href":"https:\/\/cdnoticias.com\/index.php\/wp-json\/wp\/v2\/posts\/100533\/revisions"}],"wp:featuredmedia":[{"embeddable":true,"href":"https:\/\/cdnoticias.com\/index.php\/wp-json\/wp\/v2\/media\/100534"}],"wp:attachment":[{"href":"https:\/\/cdnoticias.com\/index.php\/wp-json\/wp\/v2\/media?parent=100533"}],"wp:term":[{"taxonomy":"category","embeddable":true,"href":"https:\/\/cdnoticias.com\/index.php\/wp-json\/wp\/v2\/categories?post=100533"},{"taxonomy":"post_tag","embeddable":true,"href":"https:\/\/cdnoticias.com\/index.php\/wp-json\/wp\/v2\/tags?post=100533"}],"curies":[{"name":"wp","href":"https:\/\/api.w.org\/{rel}","templated":true}]}}