{"id":10053,"date":"2020-12-28T11:35:43","date_gmt":"2020-12-28T14:35:43","guid":{"rendered":"http:\/\/www.centraldenoticias.com.ar\/?p=10053"},"modified":"2020-12-28T16:22:42","modified_gmt":"2020-12-28T19:22:42","slug":"hasta-que-no-finalice-la-precarizacion-laboral-no-nos-vamos-a-retirar","status":"publish","type":"post","link":"https:\/\/cdnoticias.com\/index.php\/2020\/12\/28\/hasta-que-no-finalice-la-precarizacion-laboral-no-nos-vamos-a-retirar\/","title":{"rendered":"\u201cHasta que no finalice la precarizaci\u00f3n laboral no nos vamos a retirar\u201d"},"content":{"rendered":"<p>El secretario general de los Municipales, Jos\u00e9 Stuppia, dio detalles del conflicto que gener\u00f3 la importante protesta en el Municipio. Se encuentran reunidos con Hilario Galli y Diego Robbiani.<!--more--><\/p>\n<hr \/>\n<p>Tras la <a href=\"https:\/\/cdnoticias.com\/index.php\/2020\/12\/28\/fuerte-protesta-del-sindicato-de-trabajadores-municipales-en-el-palacio-san-martin\/\" target=\"_blank\" rel=\"noopener\">importante y ruidosa protesta del Sindicato de Trabajadores Municipales en el Palacio San Mart\u00edn<\/a> reclamando por trabajadores precarizados en el \u00e1rea de la Salud y otros sectores,<strong> el secretario general del gremio, Jos\u00e9 Stuppia, confirm\u00f3 reuniones y se\u00f1al\u00f3 que <em>\u201chasta que no finalice la precarizaci\u00f3n laboral no nos vamos a retirar\u201d.<\/em><\/strong><\/p>\n<p>&nbsp;<\/p>\n<p>En primera instancia confirm\u00f3 que<strong> son alrededor de 70 trabajadores los que se encuentran en conflicto y que hay una reuni\u00f3n con el secretario de Gobierno, Hilario Galli, y el secretario de Desarrollo Humano Diego Robbiani<\/strong> \u201cnegociando\u201d una soluci\u00f3n.<\/p>\n<p>&nbsp;<\/p>\n<blockquote><p>\u201cHasta que no finalice la precarizaci\u00f3n laboral de trabajadores de Salud y otros que no son de salud no nos vamos a retirar del Palacio\u201d.<\/p><\/blockquote>\n<p>&nbsp;<\/p>\n<p>Stuppia coment\u00f3 que se enteraron de la situaci\u00f3n <em>\u201ccuando cobraron los aguinaldos de los m\u00e9dicos, estaban reducidos del 50% y no se daban cuenta que hab\u00edan traccionado al resto de los compa\u00f1eros m\u00e9dicos que fueron a negociar en junio con Caputo y Waiman. Negociaron las guardias en negro para un supuesto aumento de guardia, a espaldas de la mesa de negociaci\u00f3n\u201d<\/em> denunci\u00f3.<\/p>\n<p>&nbsp;<\/p>\n<p>Esto gener\u00f3 <em>\u201clas quejas de todos los m\u00e9dicos. Nos reunimos, programamos, y decidimos instalarnos en el Municipio hasta que no haya respuestas a los reclamos\u201d.<\/em><\/p>\n<p>&nbsp;<\/p>\n<p>Pidieron que los trabajadores<em> \u201cno est\u00e9n precarizados, que tengan aportes jubilatorios, los m\u00e9dicos se est\u00e1n pagando la ART, muchos, que est\u00e9n conforme a la calidad que hace de un trabajador. Hasta no se cumplan esos par\u00e1metros no nos vamos a retirar\u201d<\/em> insisti\u00f3.<\/p>\n<p>&nbsp;<\/p>\n<blockquote><p>\u201cViven en un marco de incertidumbre muy grande. Hay trabajadores que ten\u00edan trabajos en blanco y en este pandemia fueron a trabajar al Hospital precarizados. Tienen derechos como trabajadores. No podemos permitir eso\u201d.<\/p><\/blockquote>\n<p>&nbsp;<\/p>\n<p>Tambi\u00e9n denunci\u00f3 que<strong> trabajadores de Salud se contagiaron de COVID y le descontaron d\u00edas por enfermedad<\/strong>:<em> \u201cSe habl\u00f3 en la mesa de negociaci\u00f3n pero no cumplieron\u201d.<\/em><\/p>\n<p>&nbsp;<\/p>\n<p>De todas maneras, Stuppia confi\u00f3 en que el conflicto se resolver\u00e1 hoy mismo <em>\u201clos trabajadores tenemos que tener la convicci\u00f3n de los derechos que nos pertenecen\u201d.<\/em><\/p>\n","protected":false},"excerpt":{"rendered":"<p>El secretario general de los Municipales, Jos\u00e9 Stuppia, dio detalles del conflicto que gener\u00f3 la importante protesta en el Municipio.<\/p>\n","protected":false},"author":2,"featured_media":10049,"comment_status":"closed","ping_status":"closed","sticky":false,"template":"","format":"standard","meta":{"_jetpack_memberships_contains_paid_content":false,"footnotes":""},"categories":[5,1],"tags":[],"class_list":["post-10053","post","type-post","status-publish","format-standard","has-post-thumbnail","hentry","category-informacion-general","category-portada"],"jetpack_featured_media_url":"https:\/\/i0.wp.com\/cdnoticias.com\/wp-content\/uploads\/2020\/12\/protesta-municipales3.jpg?fit=1040%2C780&ssl=1","jetpack_sharing_enabled":true,"_links":{"self":[{"href":"https:\/\/cdnoticias.com\/index.php\/wp-json\/wp\/v2\/posts\/10053","targetHints":{"allow":["GET"]}}],"collection":[{"href":"https:\/\/cdnoticias.com\/index.php\/wp-json\/wp\/v2\/posts"}],"about":[{"href":"https:\/\/cdnoticias.com\/index.php\/wp-json\/wp\/v2\/types\/post"}],"author":[{"embeddable":true,"href":"https:\/\/cdnoticias.com\/index.php\/wp-json\/wp\/v2\/users\/2"}],"replies":[{"embeddable":true,"href":"https:\/\/cdnoticias.com\/index.php\/wp-json\/wp\/v2\/comments?post=10053"}],"version-history":[{"count":0,"href":"https:\/\/cdnoticias.com\/index.php\/wp-json\/wp\/v2\/posts\/10053\/revisions"}],"wp:featuredmedia":[{"embeddable":true,"href":"https:\/\/cdnoticias.com\/index.php\/wp-json\/wp\/v2\/media\/10049"}],"wp:attachment":[{"href":"https:\/\/cdnoticias.com\/index.php\/wp-json\/wp\/v2\/media?parent=10053"}],"wp:term":[{"taxonomy":"category","embeddable":true,"href":"https:\/\/cdnoticias.com\/index.php\/wp-json\/wp\/v2\/categories?post=10053"},{"taxonomy":"post_tag","embeddable":true,"href":"https:\/\/cdnoticias.com\/index.php\/wp-json\/wp\/v2\/tags?post=10053"}],"curies":[{"name":"wp","href":"https:\/\/api.w.org\/{rel}","templated":true}]}}