{"id":100523,"date":"2023-10-29T11:15:29","date_gmt":"2023-10-29T14:15:29","guid":{"rendered":"https:\/\/cdnoticias.com\/?p=100523"},"modified":"2023-10-29T11:15:29","modified_gmt":"2023-10-29T14:15:29","slug":"una-encuesta-mide-cuanto-sabemos-sobre-los-riesgos-de-publicar-imagenes-de-menores","status":"publish","type":"post","link":"https:\/\/cdnoticias.com\/index.php\/2023\/10\/29\/una-encuesta-mide-cuanto-sabemos-sobre-los-riesgos-de-publicar-imagenes-de-menores\/","title":{"rendered":"Una encuesta mide cu\u00e1nto sabemos sobre los riesgos de publicar im\u00e1genes de menores"},"content":{"rendered":"<p>Fue lanzada por la Defensor\u00eda del Pueblo bonaerense. La intenci\u00f3n es proyectar acciones de concientizaci\u00f3n y prevenci\u00f3n.<!--more--><\/p>\n<hr \/>\n<p>La Defensor\u00eda del Pueblo bonaerense present\u00f3 una encuesta online para determinar cu\u00e1nto sabemos sobre los riesgos que se corren a la hora de <strong>subir im\u00e1genes de ni\u00f1as, ni\u00f1os y adolescentes a las redes sociales.<\/strong><\/p>\n<p>&nbsp;<\/p>\n<p>La propuesta del organismo que conduce Guido Lorenzino apunta a determinar cu\u00e1l es nuestro comportamiento ante este fen\u00f3meno de sobreexposici\u00f3n, y tambi\u00e9n para<strong> proyectar, a partir de los resultados de la medici\u00f3n, acciones de<\/strong><br \/>\n<strong>concientizaci\u00f3n y prevenci\u00f3n.<\/strong><\/p>\n<p>&nbsp;<\/p>\n<p>El cuestionario busca conocer con algunas<strong> preguntas an\u00f3nimas y confidenciales<\/strong> la periodicidad con la que se hacen estas publicaciones, el grado de conocimiento de los riesgos que se corren, y si se comparte informaci\u00f3n sensible, entre otros \u00edtems.<\/p>\n<p>&nbsp;<\/p>\n<p>\u201cNuestro objetivo es avanzar hacia una <strong>ciudadan\u00eda digital responsable.<\/strong> Creemos necesario informar y concientizar sobre todos los problemas que se pueden esconder detr\u00e1s de comportamientos que tenemos pr\u00e1cticamente neutralizados, y los datos que surjan de esta encuesta nos servir\u00e1n para entender m\u00e1s esta problem\u00e1tica y actuar en consecuencia\u201d, asegur\u00f3 Lorenzino.<\/p>\n<p>&nbsp;<\/p>\n<p>Pod\u00e9s acceder al cuestionario con este link:<br \/>\n<a href=\"https:\/\/encuestas.defensorba.org.ar\/index.php\/192457?lang=es\" target=\"_blank\" rel=\"noopener\">https:\/\/encuestas.defensorba.org.ar\/index.php\/192457?lang=es<\/a><\/p>\n","protected":false},"excerpt":{"rendered":"<p>Fue lanzada por la Defensor\u00eda del Pueblo bonaerense. La intenci\u00f3n es proyectar acciones de concientizaci\u00f3n y prevenci\u00f3n.<\/p>\n","protected":false},"author":2,"featured_media":100524,"comment_status":"closed","ping_status":"closed","sticky":false,"template":"","format":"standard","meta":{"_jetpack_memberships_contains_paid_content":false,"footnotes":""},"categories":[6,1],"tags":[],"class_list":["post-100523","post","type-post","status-publish","format-standard","has-post-thumbnail","hentry","category-nacionales","category-portada"],"jetpack_featured_media_url":"https:\/\/i0.wp.com\/cdnoticias.com\/wp-content\/uploads\/2023\/10\/campana-defensoria-buenos-aires.jpeg?fit=1080%2C620&ssl=1","jetpack_sharing_enabled":true,"_links":{"self":[{"href":"https:\/\/cdnoticias.com\/index.php\/wp-json\/wp\/v2\/posts\/100523","targetHints":{"allow":["GET"]}}],"collection":[{"href":"https:\/\/cdnoticias.com\/index.php\/wp-json\/wp\/v2\/posts"}],"about":[{"href":"https:\/\/cdnoticias.com\/index.php\/wp-json\/wp\/v2\/types\/post"}],"author":[{"embeddable":true,"href":"https:\/\/cdnoticias.com\/index.php\/wp-json\/wp\/v2\/users\/2"}],"replies":[{"embeddable":true,"href":"https:\/\/cdnoticias.com\/index.php\/wp-json\/wp\/v2\/comments?post=100523"}],"version-history":[{"count":0,"href":"https:\/\/cdnoticias.com\/index.php\/wp-json\/wp\/v2\/posts\/100523\/revisions"}],"wp:featuredmedia":[{"embeddable":true,"href":"https:\/\/cdnoticias.com\/index.php\/wp-json\/wp\/v2\/media\/100524"}],"wp:attachment":[{"href":"https:\/\/cdnoticias.com\/index.php\/wp-json\/wp\/v2\/media?parent=100523"}],"wp:term":[{"taxonomy":"category","embeddable":true,"href":"https:\/\/cdnoticias.com\/index.php\/wp-json\/wp\/v2\/categories?post=100523"},{"taxonomy":"post_tag","embeddable":true,"href":"https:\/\/cdnoticias.com\/index.php\/wp-json\/wp\/v2\/tags?post=100523"}],"curies":[{"name":"wp","href":"https:\/\/api.w.org\/{rel}","templated":true}]}}