{"id":100506,"date":"2023-10-28T18:25:00","date_gmt":"2023-10-28T21:25:00","guid":{"rendered":"https:\/\/cdnoticias.com\/?p=100506"},"modified":"2023-10-28T18:25:00","modified_gmt":"2023-10-28T21:25:00","slug":"continua-la-campana-anual-de-vacunacion-antirrabica-en-olavarria","status":"publish","type":"post","link":"https:\/\/cdnoticias.com\/index.php\/2023\/10\/28\/continua-la-campana-anual-de-vacunacion-antirrabica-en-olavarria\/","title":{"rendered":"Contin\u00faa la campa\u00f1a anual de vacunaci\u00f3n antirr\u00e1bica en Olavarr\u00eda"},"content":{"rendered":"<p>Se desarrollar\u00e1 en los barrios Bel\u00e9n, Independencia y Avellaneda. Se prolongar\u00e1 hasta diciembre.<!--more--><\/p>\n<hr \/>\n<p>Desde el \u00e1rea de Bromatolog\u00eda del Municipio informaron que <strong>contin\u00faa la Campa\u00f1a anual de Vacunaci\u00f3n antirr\u00e1bica, a trav\u00e9s de puestos distribuidos en distintos puntos de todo el Partido.<\/strong><\/p>\n<p>&nbsp;<\/p>\n<blockquote><p>La campa\u00f1a se inici\u00f3 el pasado mes de septiembre y se prolongar\u00e1 hasta inicios el venidero mes de diciembre, con aplicaciones gratuitas a animales (gatos y perros) de m\u00e1s de tres meses de edad.<\/p><\/blockquote>\n<p>&nbsp;<\/p>\n<p>Se recuerda que<strong> la rabia es una enfermedad viral que afecta al sistema nervioso de los mam\u00edferos, incluyendo a los seres humanos.<\/strong> Las personas pueden contraerla a trav\u00e9s del contacto de piel lastimada con la saliva o la mordedura de un animal infectado, ya que el virus se encuentra en la saliva y secreciones.<\/p>\n<p>&nbsp;<\/p>\n<blockquote><p>Es importante tener presente que cualquier mam\u00edfero (incluido los murci\u00e9lagos) pueden tener rabia y transmitirla a los seres humanos y que en la gran mayor\u00eda de estos casos presenta un desenlace fatal.<\/p><\/blockquote>\n<p>&nbsp;<\/p>\n<p><strong>El cronograma de esta semana se desarrollar\u00e1 de la siguiente manera:<\/strong><\/p>\n<p>&nbsp;<\/p>\n<p><strong>Martes 31 de octubre: Barrio Independencia<\/strong>, de 9 a 12:30 horas, CAPS N\u00b07 (Pueyrred\u00f3n y Ayacucho)<\/p>\n<p>&nbsp;<\/p>\n<p><strong>Mi\u00e9rcoles 1 de noviembre<\/strong>: Barrio Bel\u00e9n, de 10 a 12:30 horas, Jard\u00edn Bel\u00e9n (Av. Emiliozzi y calle 118)<\/p>\n<p>&nbsp;<\/p>\n<p><strong>Jueves 2 de noviembre:<\/strong> Barrio Nicol\u00e1s Avellaneda, de 9 a 12:30 horas, Saavedra y calle 16<\/p>\n","protected":false},"excerpt":{"rendered":"<p>Se desarrollar\u00e1 en los barrios Bel\u00e9n, Independencia y Avellaneda. Se prolongar\u00e1 hasta diciembre.<\/p>\n","protected":false},"author":2,"featured_media":97747,"comment_status":"closed","ping_status":"closed","sticky":false,"template":"","format":"standard","meta":{"_jetpack_memberships_contains_paid_content":false,"footnotes":""},"categories":[5,1],"tags":[],"class_list":["post-100506","post","type-post","status-publish","format-standard","has-post-thumbnail","hentry","category-informacion-general","category-portada"],"jetpack_featured_media_url":"https:\/\/i0.wp.com\/cdnoticias.com\/wp-content\/uploads\/2023\/09\/vacunacion-antirrabica-animales-06.jpg?fit=800%2C445&ssl=1","jetpack_sharing_enabled":true,"_links":{"self":[{"href":"https:\/\/cdnoticias.com\/index.php\/wp-json\/wp\/v2\/posts\/100506","targetHints":{"allow":["GET"]}}],"collection":[{"href":"https:\/\/cdnoticias.com\/index.php\/wp-json\/wp\/v2\/posts"}],"about":[{"href":"https:\/\/cdnoticias.com\/index.php\/wp-json\/wp\/v2\/types\/post"}],"author":[{"embeddable":true,"href":"https:\/\/cdnoticias.com\/index.php\/wp-json\/wp\/v2\/users\/2"}],"replies":[{"embeddable":true,"href":"https:\/\/cdnoticias.com\/index.php\/wp-json\/wp\/v2\/comments?post=100506"}],"version-history":[{"count":0,"href":"https:\/\/cdnoticias.com\/index.php\/wp-json\/wp\/v2\/posts\/100506\/revisions"}],"wp:featuredmedia":[{"embeddable":true,"href":"https:\/\/cdnoticias.com\/index.php\/wp-json\/wp\/v2\/media\/97747"}],"wp:attachment":[{"href":"https:\/\/cdnoticias.com\/index.php\/wp-json\/wp\/v2\/media?parent=100506"}],"wp:term":[{"taxonomy":"category","embeddable":true,"href":"https:\/\/cdnoticias.com\/index.php\/wp-json\/wp\/v2\/categories?post=100506"},{"taxonomy":"post_tag","embeddable":true,"href":"https:\/\/cdnoticias.com\/index.php\/wp-json\/wp\/v2\/tags?post=100506"}],"curies":[{"name":"wp","href":"https:\/\/api.w.org\/{rel}","templated":true}]}}