{"id":100486,"date":"2023-10-28T19:40:42","date_gmt":"2023-10-28T22:40:42","guid":{"rendered":"https:\/\/cdnoticias.com\/?p=100486"},"modified":"2023-10-29T08:56:35","modified_gmt":"2023-10-29T11:56:35","slug":"elecciones-2023-como-votaron-los-olavarrienses","status":"publish","type":"post","link":"https:\/\/cdnoticias.com\/index.php\/2023\/10\/28\/elecciones-2023-como-votaron-los-olavarrienses\/","title":{"rendered":"Elecciones 2023: \u00bfC\u00f3mo votaron los olavarrienses?"},"content":{"rendered":"<p>Los resultados en Olavarr\u00eda mostraron que Uni\u00f3n por la Patria gan\u00f3 en seis de los siete circuitos urbanos y en cinco de las localidades. La Libertad Avanza se posicion\u00f3 en la ciudad. El retroceso de Juntos por el Cambio.<\/p>\n<p><!--more--><\/p>\n<hr \/>\n<p>El resultado de las elecciones en Olavarr\u00eda mostr\u00f3 que <strong><a href=\"https:\/\/www.centraldenoticias.com.ar\/index.php\/2023\/08\/17\/las-paso-2023-dejaron-un-mapa-tricolor-en-olavarria\/\" target=\"_blank\" rel=\"noopener\">el mapa que en las PASO fue tricolor<\/a>, en las Generales qued\u00f3 casi por completo de azul<\/strong> con pocas islas amarillas y apenas manchas violetas. <strong>La victoria de Uni\u00f3n por la Patria fue clar\u00edsima y m\u00e1s contundente<\/strong> <a href=\"https:\/\/www.centraldenoticias.com.ar\/index.php\/2023\/08\/17\/paso-2023-los-detalles-fuerza-por-fuerza\/\" target=\"_blank\" rel=\"noopener\">que la que hab\u00eda logrado en agosto<\/a>.<\/p>\n<p>&nbsp;<\/p>\n<p>Pero esa visualizaci\u00f3n esconde un dato: <strong>La Libertad Avanza tuvo un importante crecimiento y releg\u00f3 al tercer puesto a Juntos por el Cambio<\/strong> en cuatro de los circuitos urbanos, incluyendo los que m\u00e1s votantes tienen.<\/p>\n<p>&nbsp;<\/p>\n<p><iframe loading=\"lazy\" src=\"https:\/\/www.google.com\/maps\/d\/embed?mid=1wAaxNh46VbxNVhrwSTY8eCCJCfLuOzM&amp;ehbc=2E312F\" width=\"640\" height=\"480\"><\/iframe><\/p>\n<p>&nbsp;<\/p>\n<h2>Wesner, ganador<\/h2>\n<p>&nbsp;<\/p>\n<p><strong>Uni\u00f3n por la Patria venci\u00f3 en seis de los siete circuitos urbanos<\/strong>: 711A, B, C, D y 714. Tambi\u00e9n en <strong>cinco de las localidades<\/strong>: <strong>Hinojo<\/strong> (715), <strong>Sierra Chica<\/strong> (716), <strong>Sierras Bayas<\/strong> (717), <strong>Colonia San Miguel<\/strong> (718) y <strong>Loma Negra<\/strong> (719).<\/p>\n<p>&nbsp;<\/p>\n<p>El mejor resultado de la lista que llev\u00f3 a Maximiliano Wesner a la intendencia lo obtuvo en el <strong>circuito 711D: sum\u00f3 6.458 votos para ganar por 43,78%<\/strong>. En las localidades, su mayor apoyo provino de <strong>Sierras Bayas donde sum\u00f3 1.196 sufragios<\/strong> y qued\u00f3 primero con <strong>48,87%<\/strong>.<\/p>\n<p>&nbsp;<\/p>\n<p><strong>En el \u00fanico circuito urbano que no gan\u00f3, se mantuvo segundo<\/strong> como hab\u00eda pasado en la PASO. Fue en el 711, donde se dio la \u00fanica victoria urbana de JxC, aunque con una notable ca\u00edda de votos en comparaci\u00f3n con agosto. En contrapartida, tanto UxP como LLA aumentaron su caudal.<\/p>\n<p>&nbsp;<\/p>\n<p><iframe class=\"flourish-embed-iframe\" style=\"width: 100%; height: 600px;\" title=\"Interactive or visual content\" src=\"https:\/\/flo.uri.sh\/visualisation\/15530263\/embed\" frameborder=\"0\" scrolling=\"no\" sandbox=\"allow-same-origin allow-forms allow-scripts allow-downloads allow-popups allow-popups-to-escape-sandbox allow-top-navigation-by-user-activation\"><\/iframe><\/p>\n<div style=\"width: 100%!; margin-top: 4px!important; text-align: right!important;\"><a class=\"flourish-credit\" style=\"text-decoration: none!important;\" href=\"https:\/\/public.flourish.studio\/visualisation\/15530263\/?utm_source=embed&amp;utm_campaign=visualisation\/15530263\" target=\"_top\" rel=\"noopener\"><img decoding=\"async\" style=\"width: 105px!important; height: 16px!important; border: none!important; margin: 0!important;\" src=\"https:\/\/public.flourish.studio\/resources\/made_with_flourish.svg\" alt=\"Made with Flourish\" \/> <\/a><\/div>\n<p>&nbsp;<\/p>\n<h2>La segunda fuerza<\/h2>\n<p>&nbsp;<\/p>\n<p><strong>LLA no gan\u00f3 ning\u00fan circuito urbano, pero fue marcada su mayor convocatoria de votantes<\/strong> que dej\u00f3 al sector en <strong>segundo lugar en los circuitos 711B, C, D y 714<\/strong>. En 711 y 711A qued\u00f3 tercero. Su mayor aporte de sufragios surgi\u00f3 del circuito con el padr\u00f3n m\u00e1s grande, el <strong>711D: 4.194 votos (28,43%).<\/strong><\/p>\n<p>&nbsp;<\/p>\n<p>La lista que llev\u00f3 a Celeste Arouxet como candidata se qued\u00f3 con un \u00fanico circuito rural: <strong>gan\u00f3 en La Providencia donde participaron solamente 15 electores<\/strong>. All\u00ed ya hab\u00eda vencido en la PASO.<\/p>\n<p>&nbsp;<\/p>\n<p>En las<strong> localidades<\/strong>, fue <strong>segunda en las m\u00e1s importantes<\/strong>.<\/p>\n<p>&nbsp;<\/p>\n<p><img data-recalc-dims=\"1\" loading=\"lazy\" decoding=\"async\" class=\"size-full wp-image-100122 aligncenter\" src=\"https:\/\/i0.wp.com\/cdnoticias.com\/wp-content\/uploads\/2023\/10\/elecciones-2023-mesas-02.jpg?resize=800%2C445&#038;ssl=1\" alt=\"\" width=\"800\" height=\"445\" srcset=\"https:\/\/i0.wp.com\/cdnoticias.com\/wp-content\/uploads\/2023\/10\/elecciones-2023-mesas-02.jpg?w=1000&amp;ssl=1 1000w, https:\/\/i0.wp.com\/cdnoticias.com\/wp-content\/uploads\/2023\/10\/elecciones-2023-mesas-02.jpg?resize=300%2C167&amp;ssl=1 300w, https:\/\/i0.wp.com\/cdnoticias.com\/wp-content\/uploads\/2023\/10\/elecciones-2023-mesas-02.jpg?resize=768%2C427&amp;ssl=1 768w, https:\/\/i0.wp.com\/cdnoticias.com\/wp-content\/uploads\/2023\/10\/elecciones-2023-mesas-02.jpg?resize=800%2C445&amp;ssl=1 800w\" sizes=\"auto, (max-width: 800px) 100vw, 800px\" \/><\/p>\n<p>&nbsp;<\/p>\n<h2>El retroceso de JxC<\/h2>\n<p>&nbsp;<\/p>\n<p><strong>La lista de Ezequiel Galli venci\u00f3 en \u00fanico circuito urbano, el m\u00e1s c\u00e9ntrico, el 711<\/strong>, donde sum\u00f3 3.322 votos por <strong>38,4%<\/strong>. De igual manera que las restantes fuerzas, su mayor caudal de votos surgi\u00f3 del circuito 711D, donde qued\u00f3 tercero, con 3.763 votos (25,51%).<\/p>\n<p>&nbsp;<\/p>\n<p>En las <strong>localidades<\/strong> qued\u00f3 en <strong>tercer lugar en todas<\/strong>.<\/p>\n<p>&nbsp;<\/p>\n<p>En tanto, <strong>JxC se qued\u00f3 con casi todos los circuitos rurales<\/strong>, aunque en los m\u00e1s importantes fue notable tambi\u00e9n su ca\u00edda y el crecimiento de UxP en comparaci\u00f3n con agosto. Venci\u00f3 en<strong> Santa Luisa, Recalde, Espigas y Blanca Grande.<\/strong><\/p>\n<p>&nbsp;<\/p>\n<p>Por \u00faltimo, el <strong>Frente de Izquierda<\/strong> qued\u00f3 en cuarto lugar en todos los circuitos. En el circuito 711D sum\u00f3 335 votos (2,27%) y fue su mayor caudal. En cuanto porcentajes, el circuito 714 (barrio AOMA) fue el mejor ya que sum\u00f3 4,09%.<\/p>\n<p>&nbsp;<\/p>\n<p><img data-recalc-dims=\"1\" loading=\"lazy\" decoding=\"async\" class=\"size-full wp-image-100121 aligncenter\" src=\"https:\/\/i0.wp.com\/cdnoticias.com\/wp-content\/uploads\/2023\/10\/elecciones-2023-mesas-01.jpg?resize=800%2C445&#038;ssl=1\" alt=\"\" width=\"800\" height=\"445\" srcset=\"https:\/\/i0.wp.com\/cdnoticias.com\/wp-content\/uploads\/2023\/10\/elecciones-2023-mesas-01.jpg?w=1000&amp;ssl=1 1000w, https:\/\/i0.wp.com\/cdnoticias.com\/wp-content\/uploads\/2023\/10\/elecciones-2023-mesas-01.jpg?resize=300%2C167&amp;ssl=1 300w, https:\/\/i0.wp.com\/cdnoticias.com\/wp-content\/uploads\/2023\/10\/elecciones-2023-mesas-01.jpg?resize=768%2C427&amp;ssl=1 768w, https:\/\/i0.wp.com\/cdnoticias.com\/wp-content\/uploads\/2023\/10\/elecciones-2023-mesas-01.jpg?resize=800%2C445&amp;ssl=1 800w\" sizes=\"auto, (max-width: 800px) 100vw, 800px\" \/><\/p>\n<p>&nbsp;<\/p>\n<h2>Mesas de extranjeros<\/h2>\n<p>&nbsp;<\/p>\n<p>En estas elecciones, <strong>los extranjeros tuvieron cuatro mesas<\/strong> para un padr\u00f3n de 1.527 electores. Tres de las mesas se ubicaron en la <strong>Secundaria 20<\/strong> y la cuarta, en la <strong>EP 45 de Villa Mi Serran\u00eda<\/strong>.<\/p>\n<p>&nbsp;<\/p>\n<p>La <strong>participaci\u00f3n<\/strong> el domingo 22 de octubre fue de <strong>30,85%<\/strong> ya que concurrieron <strong>471 electores<\/strong>.<\/p>\n<p>&nbsp;<\/p>\n<p>El resultado repite el promedio del resultado general.<strong> Venci\u00f3 UxP por 49,45% (228 votos)<\/strong>. LLA fue segundo por 29,5% (136 votos). En tercer lugar qued\u00f3 JxC que alcanz\u00f3 19,95% (92 votos). FIT sum\u00f3 1% (5 votos).<\/p>\n<p>&nbsp;<\/p>\n<blockquote class=\"wp-embedded-content\" data-secret=\"h5k2PTrf9y\"><p><a href=\"https:\/\/cdnoticias.com\/index.php\/2023\/10\/28\/elecciones-2023-los-nuevos-votantes-y-la-boleta-completa-de-union-por-la-patria\/\">Elecciones 2023: los \u201cnuevos\u201d votantes y la boleta completa de Uni\u00f3n por la Patria<\/a><\/p><\/blockquote>\n<p><iframe loading=\"lazy\" class=\"wp-embedded-content\" sandbox=\"allow-scripts\" security=\"restricted\" style=\"position: absolute; clip: rect(1px, 1px, 1px, 1px);\" title=\"&#8220;Elecciones 2023: los \u201cnuevos\u201d votantes y la boleta completa de Uni\u00f3n por la Patria&#8221; &#8212; Central de Noticias | Olavarr\u00eda\" src=\"https:\/\/cdnoticias.com\/index.php\/2023\/10\/28\/elecciones-2023-los-nuevos-votantes-y-la-boleta-completa-de-union-por-la-patria\/embed\/#?secret=a53sGrVe9Q#?secret=h5k2PTrf9y\" data-secret=\"h5k2PTrf9y\" width=\"600\" height=\"338\" frameborder=\"0\" marginwidth=\"0\" marginheight=\"0\" scrolling=\"no\"><\/iframe><\/p>\n<p>&nbsp;<\/p>\n","protected":false},"excerpt":{"rendered":"<p>Los resultados en Olavarr\u00eda mostraron que Uni\u00f3n por la Patria gan\u00f3 en seis de los siete circuitos urbanos y en<\/p>\n","protected":false},"author":4,"featured_media":100487,"comment_status":"closed","ping_status":"closed","sticky":false,"template":"","format":"standard","meta":{"_jetpack_memberships_contains_paid_content":false,"footnotes":""},"categories":[4,1],"tags":[],"class_list":["post-100486","post","type-post","status-publish","format-standard","has-post-thumbnail","hentry","category-politica","category-portada"],"jetpack_featured_media_url":"https:\/\/i0.wp.com\/cdnoticias.com\/wp-content\/uploads\/2023\/10\/mapa-resultados-elecciones-generales.jpg?fit=1231%2C664&ssl=1","jetpack_sharing_enabled":true,"_links":{"self":[{"href":"https:\/\/cdnoticias.com\/index.php\/wp-json\/wp\/v2\/posts\/100486","targetHints":{"allow":["GET"]}}],"collection":[{"href":"https:\/\/cdnoticias.com\/index.php\/wp-json\/wp\/v2\/posts"}],"about":[{"href":"https:\/\/cdnoticias.com\/index.php\/wp-json\/wp\/v2\/types\/post"}],"author":[{"embeddable":true,"href":"https:\/\/cdnoticias.com\/index.php\/wp-json\/wp\/v2\/users\/4"}],"replies":[{"embeddable":true,"href":"https:\/\/cdnoticias.com\/index.php\/wp-json\/wp\/v2\/comments?post=100486"}],"version-history":[{"count":0,"href":"https:\/\/cdnoticias.com\/index.php\/wp-json\/wp\/v2\/posts\/100486\/revisions"}],"wp:featuredmedia":[{"embeddable":true,"href":"https:\/\/cdnoticias.com\/index.php\/wp-json\/wp\/v2\/media\/100487"}],"wp:attachment":[{"href":"https:\/\/cdnoticias.com\/index.php\/wp-json\/wp\/v2\/media?parent=100486"}],"wp:term":[{"taxonomy":"category","embeddable":true,"href":"https:\/\/cdnoticias.com\/index.php\/wp-json\/wp\/v2\/categories?post=100486"},{"taxonomy":"post_tag","embeddable":true,"href":"https:\/\/cdnoticias.com\/index.php\/wp-json\/wp\/v2\/tags?post=100486"}],"curies":[{"name":"wp","href":"https:\/\/api.w.org\/{rel}","templated":true}]}}