{"id":100480,"date":"2023-10-28T15:17:42","date_gmt":"2023-10-28T18:17:42","guid":{"rendered":"https:\/\/cdnoticias.com\/?p=100480"},"modified":"2023-10-28T17:57:24","modified_gmt":"2023-10-28T20:57:24","slug":"policia-federal-aprehendio-a-un-hombre-en-olavarria-por-venta-de-droga","status":"publish","type":"post","link":"https:\/\/cdnoticias.com\/index.php\/2023\/10\/28\/policia-federal-aprehendio-a-un-hombre-en-olavarria-por-venta-de-droga\/","title":{"rendered":"Polic\u00eda Federal aprehendi\u00f3 a un hombre en Olavarr\u00eda por venta de droga"},"content":{"rendered":"<p>Ten\u00eda marihuana y coca\u00edna en su poder. Fue tras una investigaci\u00f3n que dio cuenta de que el imputado efectuaba alquileres temporales en viviendas y departamentos para pasar desapercibido. <!--more--><\/p>\n<hr \/>\n<p>Este viernes,<strong> personal de la DUOF Olavarr\u00eda de la Polic\u00eda Federal aprehendi\u00f3 a un hombre por venta de droga. Allanaron su domicilio y encontraron varios elementos vinculados con dicha comercializaci\u00f3n, adem\u00e1s de marihuana y coca\u00edna.<\/strong><\/p>\n<p>&nbsp;<\/p>\n<p>Otorgada por el Juzgado de Garant\u00edas N\u00b02 a cargo del doctor Villamar\u00edn,<strong> el allanamiento se realiz\u00f3 en Rufino Fal al 2500, donde el personal federal encabezados por el comisario Pablo Adri\u00e1n Messineo secuestraron marihuana, coca\u00edna, veh\u00edculos, tel\u00e9fonos celulares, una m\u00e1quina para contar dinero, una \u201cimportante\u201d suma en efectivo, balanza de precisi\u00f3n y \u201cdem\u00e1s elementos de inter\u00e9s para la causa\u201d.<\/strong><\/p>\n<p>&nbsp;<\/p>\n<p><img data-recalc-dims=\"1\" loading=\"lazy\" decoding=\"async\" class=\"alignnone size-full wp-image-100482\" src=\"https:\/\/i0.wp.com\/cdnoticias.com\/wp-content\/uploads\/2023\/10\/WhatsApp-Image-2023-10-28-at-13.07.03-1.jpeg?resize=768%2C1024&#038;ssl=1\" alt=\"\" width=\"768\" height=\"1024\" srcset=\"https:\/\/i0.wp.com\/cdnoticias.com\/wp-content\/uploads\/2023\/10\/WhatsApp-Image-2023-10-28-at-13.07.03-1.jpeg?w=768&amp;ssl=1 768w, https:\/\/i0.wp.com\/cdnoticias.com\/wp-content\/uploads\/2023\/10\/WhatsApp-Image-2023-10-28-at-13.07.03-1.jpeg?resize=225%2C300&amp;ssl=1 225w\" sizes=\"auto, (max-width: 768px) 100vw, 768px\" \/><\/p>\n<p>&nbsp;<\/p>\n<p>La investigaci\u00f3n comenz\u00f3 en septiembre, cuando el fiscal Lucas Moyano, titular de la UFI N\u00b019 dio cuenta de que un hombre comercializar\u00eda drogas bajo la modalidad delivery, y<strong> la particularidad era que efectuaba alquileres temporales en viviendas y departamentos de la ciudad \u201ca fin de cometer el acto delictivo y no ser advertido\u201d.<\/strong><\/p>\n<p>&nbsp;<\/p>\n<p><img data-recalc-dims=\"1\" loading=\"lazy\" decoding=\"async\" class=\"alignnone size-large wp-image-100483\" src=\"https:\/\/i0.wp.com\/cdnoticias.com\/wp-content\/uploads\/2023\/10\/WhatsApp-Image-2023-10-28-at-13.07.03.jpeg?resize=800%2C450&#038;ssl=1\" alt=\"\" width=\"800\" height=\"450\" srcset=\"https:\/\/i0.wp.com\/cdnoticias.com\/wp-content\/uploads\/2023\/10\/WhatsApp-Image-2023-10-28-at-13.07.03.jpeg?resize=1024%2C576&amp;ssl=1 1024w, https:\/\/i0.wp.com\/cdnoticias.com\/wp-content\/uploads\/2023\/10\/WhatsApp-Image-2023-10-28-at-13.07.03.jpeg?resize=300%2C169&amp;ssl=1 300w, https:\/\/i0.wp.com\/cdnoticias.com\/wp-content\/uploads\/2023\/10\/WhatsApp-Image-2023-10-28-at-13.07.03.jpeg?resize=768%2C432&amp;ssl=1 768w, https:\/\/i0.wp.com\/cdnoticias.com\/wp-content\/uploads\/2023\/10\/WhatsApp-Image-2023-10-28-at-13.07.03.jpeg?resize=1536%2C864&amp;ssl=1 1536w, https:\/\/i0.wp.com\/cdnoticias.com\/wp-content\/uploads\/2023\/10\/WhatsApp-Image-2023-10-28-at-13.07.03.jpeg?w=1599&amp;ssl=1 1599w\" sizes=\"auto, (max-width: 800px) 100vw, 800px\" \/><\/p>\n<p>&nbsp;<\/p>\n<p>Un dato a tener en cuenta es que<strong> previo a ejecutar la orden de allanamiento fue encontrado infraganti: es decir, fue interceptado en plena v\u00eda p\u00fablica vendiendo droga.<\/strong><\/p>\n<p>&nbsp;<\/p>\n<p>Fue trasladado a la DUOF Olavarr\u00eda de la Polic\u00eda Federal donde qued\u00f3 a disposici\u00f3n del doctor Moyano que dictar\u00e1 las nuevas medidas procesales.<\/p>\n","protected":false},"excerpt":{"rendered":"<p>Ten\u00eda marihuana y coca\u00edna en su poder. Fue tras una investigaci\u00f3n que dio cuenta de que el imputado efectuaba alquileres<\/p>\n","protected":false},"author":2,"featured_media":100481,"comment_status":"closed","ping_status":"closed","sticky":false,"template":"","format":"standard","meta":{"_jetpack_memberships_contains_paid_content":false,"footnotes":""},"categories":[14,1],"tags":[],"class_list":["post-100480","post","type-post","status-publish","format-standard","has-post-thumbnail","hentry","category-policiales","category-portada"],"jetpack_featured_media_url":"https:\/\/i0.wp.com\/cdnoticias.com\/wp-content\/uploads\/2023\/10\/WhatsApp-Image-2023-10-28-at-13.07.04.jpeg?fit=671%2C420&ssl=1","jetpack_sharing_enabled":true,"_links":{"self":[{"href":"https:\/\/cdnoticias.com\/index.php\/wp-json\/wp\/v2\/posts\/100480","targetHints":{"allow":["GET"]}}],"collection":[{"href":"https:\/\/cdnoticias.com\/index.php\/wp-json\/wp\/v2\/posts"}],"about":[{"href":"https:\/\/cdnoticias.com\/index.php\/wp-json\/wp\/v2\/types\/post"}],"author":[{"embeddable":true,"href":"https:\/\/cdnoticias.com\/index.php\/wp-json\/wp\/v2\/users\/2"}],"replies":[{"embeddable":true,"href":"https:\/\/cdnoticias.com\/index.php\/wp-json\/wp\/v2\/comments?post=100480"}],"version-history":[{"count":0,"href":"https:\/\/cdnoticias.com\/index.php\/wp-json\/wp\/v2\/posts\/100480\/revisions"}],"wp:featuredmedia":[{"embeddable":true,"href":"https:\/\/cdnoticias.com\/index.php\/wp-json\/wp\/v2\/media\/100481"}],"wp:attachment":[{"href":"https:\/\/cdnoticias.com\/index.php\/wp-json\/wp\/v2\/media?parent=100480"}],"wp:term":[{"taxonomy":"category","embeddable":true,"href":"https:\/\/cdnoticias.com\/index.php\/wp-json\/wp\/v2\/categories?post=100480"},{"taxonomy":"post_tag","embeddable":true,"href":"https:\/\/cdnoticias.com\/index.php\/wp-json\/wp\/v2\/tags?post=100480"}],"curies":[{"name":"wp","href":"https:\/\/api.w.org\/{rel}","templated":true}]}}