{"id":100472,"date":"2023-10-28T12:21:26","date_gmt":"2023-10-28T15:21:26","guid":{"rendered":"https:\/\/cdnoticias.com\/?p=100472"},"modified":"2023-10-28T16:31:32","modified_gmt":"2023-10-28T19:31:32","slug":"un-olavarriense-se-encuentra-grave-tras-un-violento-accidente-en-ruta-51","status":"publish","type":"post","link":"https:\/\/cdnoticias.com\/index.php\/2023\/10\/28\/un-olavarriense-se-encuentra-grave-tras-un-violento-accidente-en-ruta-51\/","title":{"rendered":"Un olavarriense se encuentra grave tras un violento accidente en Ruta 51"},"content":{"rendered":"<p>Fue en la noche del viernes, en la zona de Santa Luisa. Trabajaron Bomberos Voluntarios para rescatar al conductor de un auto que qued\u00f3 atrapado. <!--more--><\/p>\n<hr \/>\n<p><a href=\"https:\/\/enlineanoticias.com.ar\/violento-accidente-en-rp51-el-conductor-del-auto-se-encuentra-en-grave-estado-de-salud\/\" target=\"_blank\" rel=\"noopener\"><em>Fotos y cobertura en el lugar: gentileza En L\u00ednea Noticias<\/em><\/a><\/p>\n<p>&nbsp;<\/p>\n<p>En la noche del viernes, <strong>un hombre de 53 a\u00f1os result\u00f3 herido de gravedad tras chocar con su auto con un cami\u00f3n en la ruta provincial 51, a la altura de la localidad de Santa Luisa.<\/strong><\/p>\n<p>&nbsp;<\/p>\n<p>Seg\u00fan logr\u00f3 saber <strong>Central de Noticias<\/strong>, el siniestro vial se produjo a la altura del kil\u00f3metro 481, cuando <strong>un cami\u00f3n Scania 113H (conducido por un sierrabayense) impact\u00f3 de forma muy violenta contra un Renault Clio conducido por un olavarriense.<\/strong><\/p>\n<p>&nbsp;<\/p>\n<p><img data-recalc-dims=\"1\" loading=\"lazy\" decoding=\"async\" class=\"alignnone size-full wp-image-100473\" src=\"https:\/\/i0.wp.com\/cdnoticias.com\/wp-content\/uploads\/2023\/10\/ChoqueSantaLuisa-4.webp?resize=800%2C534&#038;ssl=1\" alt=\"\" width=\"800\" height=\"534\" srcset=\"https:\/\/i0.wp.com\/cdnoticias.com\/wp-content\/uploads\/2023\/10\/ChoqueSantaLuisa-4.webp?w=1024&amp;ssl=1 1024w, https:\/\/i0.wp.com\/cdnoticias.com\/wp-content\/uploads\/2023\/10\/ChoqueSantaLuisa-4.webp?resize=300%2C200&amp;ssl=1 300w, https:\/\/i0.wp.com\/cdnoticias.com\/wp-content\/uploads\/2023\/10\/ChoqueSantaLuisa-4.webp?resize=768%2C512&amp;ssl=1 768w, https:\/\/i0.wp.com\/cdnoticias.com\/wp-content\/uploads\/2023\/10\/ChoqueSantaLuisa-4.webp?resize=272%2C182&amp;ssl=1 272w\" sizes=\"auto, (max-width: 800px) 100vw, 800px\" \/><\/p>\n<p>&nbsp;<\/p>\n<p>Por la violencia del impacto, al lugar llegaron de urgencia personal de la subcomisar\u00eda de Loma Negra y de la dependencia de Santa Luisa. <strong>Tambi\u00e9n intervinieron Bomberos del destacamento de Loma Negra, para liberar al hombre que conduc\u00eda el Clio que qued\u00f3 atrapado en el habit\u00e1culo del auto.<\/strong><\/p>\n<p>&nbsp;<\/p>\n<p>Fue trasladado al <strong>Hospital Municipal donde ingres\u00f3 en grave estado, y se inform\u00f3 durante este s\u00e1bado que el hombre de 53 a\u00f1os se encuentra estable internado en el sector de Terapia Intensiva<\/strong> donde se le siguen realizando estudios.<\/p>\n","protected":false},"excerpt":{"rendered":"<p>Fue en la noche del viernes, en la zona de Santa Luisa. Trabajaron Bomberos Voluntarios para rescatar al conductor de<\/p>\n","protected":false},"author":2,"featured_media":100474,"comment_status":"closed","ping_status":"closed","sticky":false,"template":"","format":"standard","meta":{"_jetpack_memberships_contains_paid_content":false,"footnotes":""},"categories":[14,1],"tags":[],"class_list":["post-100472","post","type-post","status-publish","format-standard","has-post-thumbnail","hentry","category-policiales","category-portada"],"jetpack_featured_media_url":"https:\/\/i0.wp.com\/cdnoticias.com\/wp-content\/uploads\/2023\/10\/WhatsApp-Image-2023-10-27-at-23.52.46.webp?fit=1024%2C683&ssl=1","jetpack_sharing_enabled":true,"_links":{"self":[{"href":"https:\/\/cdnoticias.com\/index.php\/wp-json\/wp\/v2\/posts\/100472","targetHints":{"allow":["GET"]}}],"collection":[{"href":"https:\/\/cdnoticias.com\/index.php\/wp-json\/wp\/v2\/posts"}],"about":[{"href":"https:\/\/cdnoticias.com\/index.php\/wp-json\/wp\/v2\/types\/post"}],"author":[{"embeddable":true,"href":"https:\/\/cdnoticias.com\/index.php\/wp-json\/wp\/v2\/users\/2"}],"replies":[{"embeddable":true,"href":"https:\/\/cdnoticias.com\/index.php\/wp-json\/wp\/v2\/comments?post=100472"}],"version-history":[{"count":0,"href":"https:\/\/cdnoticias.com\/index.php\/wp-json\/wp\/v2\/posts\/100472\/revisions"}],"wp:featuredmedia":[{"embeddable":true,"href":"https:\/\/cdnoticias.com\/index.php\/wp-json\/wp\/v2\/media\/100474"}],"wp:attachment":[{"href":"https:\/\/cdnoticias.com\/index.php\/wp-json\/wp\/v2\/media?parent=100472"}],"wp:term":[{"taxonomy":"category","embeddable":true,"href":"https:\/\/cdnoticias.com\/index.php\/wp-json\/wp\/v2\/categories?post=100472"},{"taxonomy":"post_tag","embeddable":true,"href":"https:\/\/cdnoticias.com\/index.php\/wp-json\/wp\/v2\/tags?post=100472"}],"curies":[{"name":"wp","href":"https:\/\/api.w.org\/{rel}","templated":true}]}}