{"id":100411,"date":"2023-10-27T20:38:23","date_gmt":"2023-10-27T23:38:23","guid":{"rendered":"https:\/\/cdnoticias.com\/?p=100411"},"modified":"2023-10-27T20:38:24","modified_gmt":"2023-10-27T23:38:24","slug":"los-colegios-privados-aumentan-un-11-desde-noviembre-en-la-provincia","status":"publish","type":"post","link":"https:\/\/cdnoticias.com\/index.php\/2023\/10\/27\/los-colegios-privados-aumentan-un-11-desde-noviembre-en-la-provincia\/","title":{"rendered":"Los colegios privados aumentan un 11% desde noviembre en la provincia"},"content":{"rendered":"<p class=\"td-post-sub-title\">El incremento fue informado a trav\u00e9s de una comunicaci\u00f3n de la Direcci\u00f3n General de Escuelas bonaerense.<!--more--><\/p>\n<hr \/>\n<div class=\"td-module-meta-info\">\n<p>El Gobierno de la provincia de Buenos Aires<strong> autoriz\u00f3 este viernes un 11% de aumento en los colegios privados desde noviembre<\/strong> luego de que la Asociaci\u00f3n de Instituciones Educativas Privadas de Buenos Aires (Aiepba) solicitara a las autoridades educativas una actualizaci\u00f3n teniendo en cuenta que desde el a\u00f1o pasado se ha registrado un \u201c<strong>desequilibrio\u201d entre el aumento de los salarios docentes y las tarifas de los colegios privados de un 66% de diferencia nominal.<\/strong><\/p>\n<p>&nbsp;<\/p>\n<p>No obstante, el secretario ejecutivo de Aiepba, Mart\u00edn Zurita, consider\u00f3: \u201cOtra vez esta autorizaci\u00f3n para una mejora en los aranceles queda debajo del aumento de los costos de los servicios en general y los salariales en particular, que deben afrontar las escuelas\u201d. Asimismo, advirti\u00f3 sobre la <strong>situaci\u00f3n dif\u00edcil de por lo menos 30 colegios que est\u00e1n en riesgo de cerrar<\/strong> y suspender la prestaci\u00f3n de los servicios educativos por imposibilidad econ\u00f3mica de afrontar los costos.<\/p>\n<p>&nbsp;<\/p>\n<blockquote><p>Seg\u00fan las estimaciones que hizo la entidad que agrupa a unos 2.300 centros de ense\u00f1anza de todos los niveles en Buenos Aires, entre diciembre de 2021 y octubre de 2023, la inflaci\u00f3n fue del 311%, los incremento salariales que se dieron en paritarias acumul\u00f3 364% y los aranceles subieron 268%.<\/p><\/blockquote>\n<p>&nbsp;<\/p>\n<p>El \u00faltimo incremento fue autorizado en septiembre y fue de un 5,4% sobre la cuota de agosto y a esto debi\u00f3 sumarse una autorizaci\u00f3n previa realizada por el gobierno bonaerense del 9% (14% para dos meses con inflaci\u00f3n m\u00e1s alta).<\/p>\n<p>&nbsp;<\/p>\n<p>\u201cCada vez se ampl\u00eda m\u00e1s la brecha entre lo que pueden cobrar los colegios y los incrementos en costos de las instituciones que presentan severas dificultades para funcionar. En menos de dos a\u00f1os, la capacidad operativa econ\u00f3mica de los centros educativos de gesti\u00f3n privada perdieron 43% en relaci\u00f3n con la inflaci\u00f3n de ese per\u00edodo\u201d, explic\u00f3 Zurita.<\/p>\n<p>&nbsp;<\/p>\n<p>De acuerdo a la Asociaci\u00f3n, el sector atraviesa una <strong>\u201csituaci\u00f3n cr\u00edtica\u201d<\/strong> por estas distorsiones que se han acumulado en los \u00faltimos a\u00f1os. \u201c<em><strong>Las entidades arrastran una compleja situaci\u00f3n desde la pandemia de Covid-19, donde muchos propietarios y administradores tuvieron que tomar deudas y cr\u00e9ditos para seguir funcionando<\/strong><\/em>\u201d, indicaron.<\/p>\n<p>&nbsp;<\/p>\n<p>La instituci\u00f3n que agrupa a la gran mayor\u00eda de los colegios privados, reclam\u00f3 en una carta a la Direcci\u00f3n General de Escuelas que \u201clos topes arancelarios se ajusten adecuadamente para garantizar el servicio educativo en los institutos\u201d.<\/p>\n<p>&nbsp;<\/p>\n<p>Por \u00faltimo, sostuvieron que \u201cdada la inflaci\u00f3n y las variaciones econ\u00f3micas, consideramos crucial la implementaci\u00f3n de una cl\u00e1usula gatillo en los contratos de aranceles. Esto permitir\u00eda ajustarlos de manera autom\u00e1tica, en respuesta a los incrementos de los salarios docentes. De esta manera se asegura la estabilidad financiera de nuestras instituciones\u201d.<\/p>\n<\/div>\n<p>&nbsp;<\/p>\n<p><em>Fuente: DIB\u00a0<\/em><\/p>\n","protected":false},"excerpt":{"rendered":"<p>El incremento fue informado a trav\u00e9s de una comunicaci\u00f3n de la Direcci\u00f3n General de Escuelas bonaerense.<\/p>\n","protected":false},"author":1,"featured_media":100412,"comment_status":"closed","ping_status":"closed","sticky":false,"template":"","format":"standard","meta":{"_jetpack_memberships_contains_paid_content":false,"footnotes":""},"categories":[6,1],"tags":[],"class_list":["post-100411","post","type-post","status-publish","format-standard","has-post-thumbnail","hentry","category-nacionales","category-portada"],"jetpack_featured_media_url":"https:\/\/i0.wp.com\/cdnoticias.com\/wp-content\/uploads\/2023\/10\/escuelas-privadas.jpg?fit=1280%2C720&ssl=1","jetpack_sharing_enabled":true,"_links":{"self":[{"href":"https:\/\/cdnoticias.com\/index.php\/wp-json\/wp\/v2\/posts\/100411","targetHints":{"allow":["GET"]}}],"collection":[{"href":"https:\/\/cdnoticias.com\/index.php\/wp-json\/wp\/v2\/posts"}],"about":[{"href":"https:\/\/cdnoticias.com\/index.php\/wp-json\/wp\/v2\/types\/post"}],"author":[{"embeddable":true,"href":"https:\/\/cdnoticias.com\/index.php\/wp-json\/wp\/v2\/users\/1"}],"replies":[{"embeddable":true,"href":"https:\/\/cdnoticias.com\/index.php\/wp-json\/wp\/v2\/comments?post=100411"}],"version-history":[{"count":0,"href":"https:\/\/cdnoticias.com\/index.php\/wp-json\/wp\/v2\/posts\/100411\/revisions"}],"wp:featuredmedia":[{"embeddable":true,"href":"https:\/\/cdnoticias.com\/index.php\/wp-json\/wp\/v2\/media\/100412"}],"wp:attachment":[{"href":"https:\/\/cdnoticias.com\/index.php\/wp-json\/wp\/v2\/media?parent=100411"}],"wp:term":[{"taxonomy":"category","embeddable":true,"href":"https:\/\/cdnoticias.com\/index.php\/wp-json\/wp\/v2\/categories?post=100411"},{"taxonomy":"post_tag","embeddable":true,"href":"https:\/\/cdnoticias.com\/index.php\/wp-json\/wp\/v2\/tags?post=100411"}],"curies":[{"name":"wp","href":"https:\/\/api.w.org\/{rel}","templated":true}]}}