{"id":100391,"date":"2023-10-28T12:10:00","date_gmt":"2023-10-28T15:10:00","guid":{"rendered":"https:\/\/cdnoticias.com\/?p=100391"},"modified":"2023-10-28T12:10:02","modified_gmt":"2023-10-28T15:10:02","slug":"es-urgente-dejar-de-precarizar-a-les-trabajadores-estatales-en-cualquier-estamento","status":"publish","type":"post","link":"https:\/\/cdnoticias.com\/index.php\/2023\/10\/28\/es-urgente-dejar-de-precarizar-a-les-trabajadores-estatales-en-cualquier-estamento\/","title":{"rendered":"&#8220;Es urgente dejar de precarizar a les trabajadores estatales en cualquier estamento&#8221;"},"content":{"rendered":"<p>Desde Asamblea Feminista y Disidente repudiaron la precarizaci\u00f3n laboral de los y las trabajadoras en la Direcci\u00f3n de Pol\u00edticas de G\u00e9nero. &#8220;Esperamos que el gobierno saliente y el entrante puedan dar respuestas a esta situaci\u00f3n&#8221; expresaron en un comunicado. <!--more--><\/p>\n<hr \/>\n<p>Luego de conocerse la situaci\u00f3n desde El Sindicato de Municipales, quienes <a href=\"https:\/\/cdnoticias.com\/index.php\/2023\/10\/26\/el-sindicato-de-municipales-denuncio-precarizacion-laboral-en-la-direccion-de-politicas-de-genero\/\" target=\"_blank\" rel=\"noopener\">denunciaron \u201cprecarizaci\u00f3n laboral\u201d en la Direcci\u00f3n de Pol\u00edticas de G\u00e9nero<\/a>, la <strong>Asamblea Feminista y Disidente<\/strong> realiz\u00f3 un comunicado a trav\u00e9s de sus redes sociales.<\/p>\n<p>&nbsp;<\/p>\n<p>&#8220;Como Asamblea Feminista y Disidente <strong>repudiamos la precarizaci\u00f3n laboral que est\u00e1n sufriendo muchxs trabajadorxs de la Direcci\u00f3n de Pol\u00edticas de G\u00e9nero<\/strong> que dependen de la Secretar\u00eda de Desarrollo Humano y Calidad de Vida y de la Subsecretar\u00eda de Derechos, Igualdad y Oportunidades del Municipio&#8221; comenz\u00f3 el comunicado.<\/p>\n<p>&nbsp;<\/p>\n<p>Adem\u00e1s, expresaron: &#8220;Entendemos que las <strong>desigualdades por motivos de g\u00e9nero<\/strong> necesitan soluciones estructurales, las cuales deben estar apoyadas en un abordaje interseccional y deben ser sostenidas desde la perspectiva de derechos humanos. Es por ello que nos solidarizamos con lxs trabajadorxs que\u00a0 desempe\u00f1an a diario sus tareas en <strong>condiciones indignas<\/strong>, en un \u00e1rea que tal como lo hemos expuesto en distintas ocasiones no tiene el presupuesto necesario&#8221;.<\/p>\n<p>&nbsp;<\/p>\n<blockquote><p>Tambi\u00e9n entendemos que esta situaci\u00f3n de les trabajadores dentro del municipio no es nueva ni sucede s\u00f3lo en un \u00e1rea. Es urgente dejar de precarizar a les trabajadores estatales en cualquier estamento del mismo incluyendo el municipal. Es intolerable que en un contexto de crisis como el que atravesamos y en el marco de una transici\u00f3n de gobierno, lxs trabajadorxs no tengan respuestas y su fuente de trabajo no est\u00e9 segura. Esperamos que el gobierno saliente y el entrante puedan dar respuestas a esta situaci\u00f3n sigui\u00f3 el comunicado.<\/p><\/blockquote>\n<p>&nbsp;<\/p>\n<p>Por \u00faltimo, indicaron que desde su espacio &#8220;no podemos mirar para otro lado&#8221; por eso &#8220;acompa\u00f1amos el reclamo y exigimos al Municipio condiciones de trabajo dignas y urgente regularizaci\u00f3n de lxs compa\u00f1erxs&#8221;.<\/p>\n","protected":false},"excerpt":{"rendered":"<p>Desde Asamblea Feminista y Disidente repudiaron la precarizaci\u00f3n laboral de los y las trabajadoras en la Direcci\u00f3n de Pol\u00edticas de<\/p>\n","protected":false},"author":1,"featured_media":100301,"comment_status":"closed","ping_status":"closed","sticky":false,"template":"","format":"standard","meta":{"_jetpack_memberships_contains_paid_content":false,"footnotes":""},"categories":[3,1],"tags":[],"class_list":["post-100391","post","type-post","status-publish","format-standard","has-post-thumbnail","hentry","category-genero","category-portada"],"jetpack_featured_media_url":"https:\/\/i0.wp.com\/cdnoticias.com\/wp-content\/uploads\/2023\/10\/conferencia-dpg4-scaled.jpg?fit=2560%2C1424&ssl=1","jetpack_sharing_enabled":true,"_links":{"self":[{"href":"https:\/\/cdnoticias.com\/index.php\/wp-json\/wp\/v2\/posts\/100391","targetHints":{"allow":["GET"]}}],"collection":[{"href":"https:\/\/cdnoticias.com\/index.php\/wp-json\/wp\/v2\/posts"}],"about":[{"href":"https:\/\/cdnoticias.com\/index.php\/wp-json\/wp\/v2\/types\/post"}],"author":[{"embeddable":true,"href":"https:\/\/cdnoticias.com\/index.php\/wp-json\/wp\/v2\/users\/1"}],"replies":[{"embeddable":true,"href":"https:\/\/cdnoticias.com\/index.php\/wp-json\/wp\/v2\/comments?post=100391"}],"version-history":[{"count":0,"href":"https:\/\/cdnoticias.com\/index.php\/wp-json\/wp\/v2\/posts\/100391\/revisions"}],"wp:featuredmedia":[{"embeddable":true,"href":"https:\/\/cdnoticias.com\/index.php\/wp-json\/wp\/v2\/media\/100301"}],"wp:attachment":[{"href":"https:\/\/cdnoticias.com\/index.php\/wp-json\/wp\/v2\/media?parent=100391"}],"wp:term":[{"taxonomy":"category","embeddable":true,"href":"https:\/\/cdnoticias.com\/index.php\/wp-json\/wp\/v2\/categories?post=100391"},{"taxonomy":"post_tag","embeddable":true,"href":"https:\/\/cdnoticias.com\/index.php\/wp-json\/wp\/v2\/tags?post=100391"}],"curies":[{"name":"wp","href":"https:\/\/api.w.org\/{rel}","templated":true}]}}