{"id":100373,"date":"2023-10-27T17:11:25","date_gmt":"2023-10-27T20:11:25","guid":{"rendered":"https:\/\/cdnoticias.com\/?p=100373"},"modified":"2023-10-30T08:37:44","modified_gmt":"2023-10-30T11:37:44","slug":"en-un-choque-un-ciclista-tuvo-heridas-de-consideracion","status":"publish","type":"post","link":"https:\/\/cdnoticias.com\/index.php\/2023\/10\/27\/en-un-choque-un-ciclista-tuvo-heridas-de-consideracion\/","title":{"rendered":"En un choque un ciclista tuvo heridas de consideraci\u00f3n"},"content":{"rendered":"<p>Fue protagonizado por un auto y una bicicleta en Pringles entre Yrigoyen y Jos\u00e9 Luis Torres. <!--more--><\/p>\n<hr \/>\n<p>Este viernes, <strong>un accidente entre un auto y una bicicleta tuvo como saldo una persona herida de consideraci\u00f3n, con una importante fractura.<\/strong><\/p>\n<p>&nbsp;<\/p>\n<p>Seg\u00fan se inform\u00f3 oficialmente, <strong>el hecho se produjo en avenida Pringles entre Yrigoyen y Torres. Particip\u00f3 un auto y una bicicleta conducida por un hombre<\/strong>.<\/p>\n<p>&nbsp;<\/p>\n<p><img data-recalc-dims=\"1\" loading=\"lazy\" decoding=\"async\" class=\"alignnone size-full wp-image-100374\" src=\"https:\/\/i0.wp.com\/cdnoticias.com\/wp-content\/uploads\/2023\/10\/WhatsApp-Image-2023-10-27-at-16.06.551111.jpeg?resize=722%2C381&#038;ssl=1\" alt=\"\" width=\"722\" height=\"381\" srcset=\"https:\/\/i0.wp.com\/cdnoticias.com\/wp-content\/uploads\/2023\/10\/WhatsApp-Image-2023-10-27-at-16.06.551111.jpeg?w=722&amp;ssl=1 722w, https:\/\/i0.wp.com\/cdnoticias.com\/wp-content\/uploads\/2023\/10\/WhatsApp-Image-2023-10-27-at-16.06.551111.jpeg?resize=300%2C158&amp;ssl=1 300w, https:\/\/i0.wp.com\/cdnoticias.com\/wp-content\/uploads\/2023\/10\/WhatsApp-Image-2023-10-27-at-16.06.551111.jpeg?resize=390%2C205&amp;ssl=1 390w\" sizes=\"auto, (max-width: 722px) 100vw, 722px\" \/><\/p>\n<p>&nbsp;<\/p>\n<blockquote><p>Producto del impacto, la v\u00edctima debi\u00f3 ser trasladada de urgencia al Hospital Municipal con una fractura en su pie izquierdo.<\/p><\/blockquote>\n<p>&nbsp;<\/p>\n<p>Trabajaron, adem\u00e1s de personal de Comando de Patrullas, Polic\u00eda Cient\u00edfica y tambi\u00e9n de la UFI N\u00b010 que dispuso actuaciones caratuladas como <strong><em>\u201cLesiones por accidente\u201d.<\/em><\/strong><\/p>\n","protected":false},"excerpt":{"rendered":"<p>Fue protagonizado por un auto y una bicicleta en Pringles entre Yrigoyen y Jos\u00e9 Luis Torres.<\/p>\n","protected":false},"author":1,"featured_media":100375,"comment_status":"closed","ping_status":"closed","sticky":false,"template":"","format":"standard","meta":{"_jetpack_memberships_contains_paid_content":false,"footnotes":""},"categories":[14],"tags":[],"class_list":["post-100373","post","type-post","status-publish","format-standard","has-post-thumbnail","hentry","category-policiales"],"jetpack_featured_media_url":"https:\/\/i0.wp.com\/cdnoticias.com\/wp-content\/uploads\/2023\/10\/WhatsApp-Image-2023-10-27-at-16.06.5511.jpeg?fit=725%2C478&ssl=1","jetpack_sharing_enabled":true,"_links":{"self":[{"href":"https:\/\/cdnoticias.com\/index.php\/wp-json\/wp\/v2\/posts\/100373","targetHints":{"allow":["GET"]}}],"collection":[{"href":"https:\/\/cdnoticias.com\/index.php\/wp-json\/wp\/v2\/posts"}],"about":[{"href":"https:\/\/cdnoticias.com\/index.php\/wp-json\/wp\/v2\/types\/post"}],"author":[{"embeddable":true,"href":"https:\/\/cdnoticias.com\/index.php\/wp-json\/wp\/v2\/users\/1"}],"replies":[{"embeddable":true,"href":"https:\/\/cdnoticias.com\/index.php\/wp-json\/wp\/v2\/comments?post=100373"}],"version-history":[{"count":0,"href":"https:\/\/cdnoticias.com\/index.php\/wp-json\/wp\/v2\/posts\/100373\/revisions"}],"wp:featuredmedia":[{"embeddable":true,"href":"https:\/\/cdnoticias.com\/index.php\/wp-json\/wp\/v2\/media\/100375"}],"wp:attachment":[{"href":"https:\/\/cdnoticias.com\/index.php\/wp-json\/wp\/v2\/media?parent=100373"}],"wp:term":[{"taxonomy":"category","embeddable":true,"href":"https:\/\/cdnoticias.com\/index.php\/wp-json\/wp\/v2\/categories?post=100373"},{"taxonomy":"post_tag","embeddable":true,"href":"https:\/\/cdnoticias.com\/index.php\/wp-json\/wp\/v2\/tags?post=100373"}],"curies":[{"name":"wp","href":"https:\/\/api.w.org\/{rel}","templated":true}]}}