{"id":100352,"date":"2023-10-27T09:58:23","date_gmt":"2023-10-27T12:58:23","guid":{"rendered":"https:\/\/cdnoticias.com\/?p=100352"},"modified":"2023-10-27T14:24:59","modified_gmt":"2023-10-27T17:24:59","slug":"repudiamos-esa-actitud-porque-los-trabajadores-no-somos-violentos","status":"publish","type":"post","link":"https:\/\/cdnoticias.com\/index.php\/2023\/10\/27\/repudiamos-esa-actitud-porque-los-trabajadores-no-somos-violentos\/","title":{"rendered":"\u201cRepudiamos esa actitud porque los trabajadores no somos violentos\u201d"},"content":{"rendered":"<p>La CGT local se expres\u00f3 ante la intervenci\u00f3n policial dispuesta fuera del Concejo Deliberante donde se trat\u00f3 la licencia del intendente Galli y el arresto de un trabajador de Sanidad.<!--more--><\/p>\n<hr \/>\n<p>Gremios reunidos en la CGT local <a href=\"https:\/\/www.centraldenoticias.com.ar\/index.php\/2023\/10\/25\/fuerte-presencia-policial-en-el-hcd-por-la-protesta-de-trabajadores-municipales\/\" target=\"_blank\" rel=\"noopener\">repudiaron el operativo dispuesto durante la sesi\u00f3n especial del Concejo Deliberante<\/a> donde se <a href=\"https:\/\/www.centraldenoticias.com.ar\/index.php\/2023\/10\/25\/por-unanimidad-el-hcd-aprobo-la-licencia-del-intendente-ezequiel-galli\/\" target=\"_blank\" rel=\"noopener\">aprob\u00f3 la licencia del intendente Galli hasta el 15 de noviembre.<\/a><\/p>\n<p>&nbsp;<\/p>\n<p>En una conferencia de prensa, <strong>responsabilizaron a la presidenta del HCD Cecilia Krivochen y al intendente Ezequiel Galli<\/strong> por lo ocurrido al impedir el ingreso de los manifestantes al recinto de la Sociedad Espa\u00f1ola y el arresto de un dirigente sindical de Sanidad.<\/p>\n<p>&nbsp;<\/p>\n<p>El primero en hablar fue <strong>Carlos Manzur, titular de ATSA<\/strong> en Olavarr\u00eda, quien hizo referencia a la<a href=\"https:\/\/www.centraldenoticias.com.ar\/index.php\/2023\/10\/25\/gremios-repudian-la-aprehension-de-un-trabajador-y-denuncian-lesiones\/\" target=\"_blank\" rel=\"noopener\"> detenci\u00f3n del delegado gremial Iv\u00e1n Rojo<\/a> en las inmediaciones del HCD. \u201cSimplemente quer\u00eda transitar una calle, cruzar una cuadra para juntarse con los trabajadores. Fue brutalmente aprendido y lesionado como lo podr\u00e1n ver\u201d, indic\u00f3.<\/p>\n<p>&nbsp;<\/p>\n<p><img data-recalc-dims=\"1\" loading=\"lazy\" decoding=\"async\" class=\"aligncenter wp-image-100350 size-large\" src=\"https:\/\/i0.wp.com\/cdnoticias.com\/wp-content\/uploads\/2023\/10\/cgt-repudio-08-manzur.jpeg?resize=800%2C445&#038;ssl=1\" alt=\"\" width=\"800\" height=\"445\" srcset=\"https:\/\/i0.wp.com\/cdnoticias.com\/wp-content\/uploads\/2023\/10\/cgt-repudio-08-manzur.jpeg?resize=1024%2C569&amp;ssl=1 1024w, https:\/\/i0.wp.com\/cdnoticias.com\/wp-content\/uploads\/2023\/10\/cgt-repudio-08-manzur.jpeg?resize=300%2C167&amp;ssl=1 300w, https:\/\/i0.wp.com\/cdnoticias.com\/wp-content\/uploads\/2023\/10\/cgt-repudio-08-manzur.jpeg?resize=768%2C427&amp;ssl=1 768w, https:\/\/i0.wp.com\/cdnoticias.com\/wp-content\/uploads\/2023\/10\/cgt-repudio-08-manzur.jpeg?resize=1536%2C853&amp;ssl=1 1536w, https:\/\/i0.wp.com\/cdnoticias.com\/wp-content\/uploads\/2023\/10\/cgt-repudio-08-manzur.jpeg?resize=800%2C445&amp;ssl=1 800w, https:\/\/i0.wp.com\/cdnoticias.com\/wp-content\/uploads\/2023\/10\/cgt-repudio-08-manzur.jpeg?w=1600&amp;ssl=1 1600w\" sizes=\"auto, (max-width: 800px) 100vw, 800px\" \/><\/p>\n<p>&nbsp;<\/p>\n<p>\u201cNosotros repudiamos esa actitud porque los trabajadores no somos violentos, los trabajadores somos trabajadores y <strong>la \u00fanica forma que tenemos de manifestarnos es a trav\u00e9s de un bombo, una bandera o un grito.<\/strong> Jam\u00e1s hemos agredido a nadie y mucho menos en esta ciudad\u201d, agreg\u00f3.<\/p>\n<p>&nbsp;<\/p>\n<blockquote><p>\u201cDesde mi gremio hacemos responsable a Cecilia Krivochen y al doctor Galli por las medidas que tomaron\u201d, sostuvo Manzur.<\/p><\/blockquote>\n<p>&nbsp;<\/p>\n<p>Consultado respecto a la lectura pol\u00edtica que realizan desde el sector, se\u00f1al\u00f3 que \u201cante el miedo de una manifestaci\u00f3n o agresi\u00f3n o algo, vos pod\u00e9s pedir a la fuerza p\u00fablica, pero que est\u00e9 dentro del recinto y si ves que hay desmanes pedir que desalojen. <strong>Imaginate, si para pedir una licencia de un Intendente bloque\u00e1s una cuadra entera, el d\u00eda que tenga que hacer Rendici\u00f3n de Cuentas no pasa nadie por los cuatro boulevares<\/strong>\u201d.<\/p>\n<p>&nbsp;<\/p>\n<p><img data-recalc-dims=\"1\" loading=\"lazy\" decoding=\"async\" class=\"aligncenter wp-image-100347 size-large\" src=\"https:\/\/i0.wp.com\/cdnoticias.com\/wp-content\/uploads\/2023\/10\/cgt-repudio-stuppia-05.jpeg?resize=800%2C445&#038;ssl=1\" alt=\"\" width=\"800\" height=\"445\" srcset=\"https:\/\/i0.wp.com\/cdnoticias.com\/wp-content\/uploads\/2023\/10\/cgt-repudio-stuppia-05.jpeg?resize=1024%2C570&amp;ssl=1 1024w, https:\/\/i0.wp.com\/cdnoticias.com\/wp-content\/uploads\/2023\/10\/cgt-repudio-stuppia-05.jpeg?resize=300%2C167&amp;ssl=1 300w, https:\/\/i0.wp.com\/cdnoticias.com\/wp-content\/uploads\/2023\/10\/cgt-repudio-stuppia-05.jpeg?resize=768%2C427&amp;ssl=1 768w, https:\/\/i0.wp.com\/cdnoticias.com\/wp-content\/uploads\/2023\/10\/cgt-repudio-stuppia-05.jpeg?resize=1536%2C854&amp;ssl=1 1536w, https:\/\/i0.wp.com\/cdnoticias.com\/wp-content\/uploads\/2023\/10\/cgt-repudio-stuppia-05.jpeg?resize=800%2C445&amp;ssl=1 800w, https:\/\/i0.wp.com\/cdnoticias.com\/wp-content\/uploads\/2023\/10\/cgt-repudio-stuppia-05.jpeg?w=1600&amp;ssl=1 1600w\" sizes=\"auto, (max-width: 800px) 100vw, 800px\" \/><\/p>\n<p>&nbsp;<\/p>\n<p>Por su parte, el titular del Sindicato de Trabajadores Municipales, Jos\u00e9 Stuppia indic\u00f3 que <strong>\u201ccreo que ellos tem\u00edan que se suspenda la sesi\u00f3n. Pero la verdad que no entendemos por qu\u00e9, era solamente un petitorio\u201d<\/strong> y carg\u00f3 las tintas sobre todos los concejales: \u201chab\u00eda muchos legisladores en el recinto que podr\u00edan haber levantado la voz y decir \u2018esto es un acto antidemocr\u00e1tico, dejen pasar a los trabajadores para entregar el petitorio\u2019\u201d.<\/p>\n<p>&nbsp;<\/p>\n<blockquote><p>\u201cMe parece que se hab\u00edan puesto todos de acuerdo para castigar a los trabajadores municipales\u201d, afirm\u00f3 Stuppia.<\/p><\/blockquote>\n<p>&nbsp;<\/p>\n<p><img data-recalc-dims=\"1\" loading=\"lazy\" decoding=\"async\" class=\"aligncenter wp-image-100343 size-large\" src=\"https:\/\/i0.wp.com\/cdnoticias.com\/wp-content\/uploads\/2023\/10\/cgt-repudio-01.jpeg?resize=800%2C445&#038;ssl=1\" alt=\"\" width=\"800\" height=\"445\" srcset=\"https:\/\/i0.wp.com\/cdnoticias.com\/wp-content\/uploads\/2023\/10\/cgt-repudio-01.jpeg?resize=1024%2C570&amp;ssl=1 1024w, https:\/\/i0.wp.com\/cdnoticias.com\/wp-content\/uploads\/2023\/10\/cgt-repudio-01.jpeg?resize=300%2C167&amp;ssl=1 300w, https:\/\/i0.wp.com\/cdnoticias.com\/wp-content\/uploads\/2023\/10\/cgt-repudio-01.jpeg?resize=768%2C427&amp;ssl=1 768w, https:\/\/i0.wp.com\/cdnoticias.com\/wp-content\/uploads\/2023\/10\/cgt-repudio-01.jpeg?resize=1536%2C854&amp;ssl=1 1536w, https:\/\/i0.wp.com\/cdnoticias.com\/wp-content\/uploads\/2023\/10\/cgt-repudio-01.jpeg?resize=800%2C445&amp;ssl=1 800w, https:\/\/i0.wp.com\/cdnoticias.com\/wp-content\/uploads\/2023\/10\/cgt-repudio-01.jpeg?w=1600&amp;ssl=1 1600w\" sizes=\"auto, (max-width: 800px) 100vw, 800px\" \/><\/p>\n<p>&nbsp;<\/p>\n<p>Durante la conferencia tambi\u00e9n tom\u00f3 intervenci\u00f3n<strong> Germ\u00e1n Sacher (SUTPA)<\/strong> quien afirm\u00f3 que \u201chace muchos a\u00f1os que no se ve un grado de violencia institucional como se vio ese d\u00eda, de meter preso a un compa\u00f1ero trabajador que iba solamente a una protesta pac\u00edfica. <strong>Me parece antidemocr\u00e1tico, anticonstitucional, ilegal desde todos los puntos de vista<\/strong>\u201d.<\/p>\n<p>&nbsp;<\/p>\n<p>\u201cNo nos tienen miedo. Si comete ese tipo de abuso, tienen impunidad.<strong> Yo creo que m\u00e1s que miedo ten\u00edan verg\u00fcenza.<\/strong> A dos d\u00edas de haber terminado una elecci\u00f3n, pedir una licencia e irse. M\u00e1s que nada verg\u00fcenza\u201d, cerr\u00f3 Stuppia.<\/p>\n","protected":false},"excerpt":{"rendered":"<p>La CGT local se expres\u00f3 ante la intervenci\u00f3n policial dispuesta fuera del Concejo Deliberante donde se trat\u00f3 la licencia del<\/p>\n","protected":false},"author":1,"featured_media":100349,"comment_status":"closed","ping_status":"closed","sticky":false,"template":"","format":"standard","meta":{"_jetpack_memberships_contains_paid_content":false,"footnotes":""},"categories":[4,1],"tags":[],"class_list":["post-100352","post","type-post","status-publish","format-standard","has-post-thumbnail","hentry","category-politica","category-portada"],"jetpack_featured_media_url":"https:\/\/i0.wp.com\/cdnoticias.com\/wp-content\/uploads\/2023\/10\/cgt-repudio-07.jpeg?fit=1600%2C890&ssl=1","jetpack_sharing_enabled":true,"_links":{"self":[{"href":"https:\/\/cdnoticias.com\/index.php\/wp-json\/wp\/v2\/posts\/100352","targetHints":{"allow":["GET"]}}],"collection":[{"href":"https:\/\/cdnoticias.com\/index.php\/wp-json\/wp\/v2\/posts"}],"about":[{"href":"https:\/\/cdnoticias.com\/index.php\/wp-json\/wp\/v2\/types\/post"}],"author":[{"embeddable":true,"href":"https:\/\/cdnoticias.com\/index.php\/wp-json\/wp\/v2\/users\/1"}],"replies":[{"embeddable":true,"href":"https:\/\/cdnoticias.com\/index.php\/wp-json\/wp\/v2\/comments?post=100352"}],"version-history":[{"count":0,"href":"https:\/\/cdnoticias.com\/index.php\/wp-json\/wp\/v2\/posts\/100352\/revisions"}],"wp:featuredmedia":[{"embeddable":true,"href":"https:\/\/cdnoticias.com\/index.php\/wp-json\/wp\/v2\/media\/100349"}],"wp:attachment":[{"href":"https:\/\/cdnoticias.com\/index.php\/wp-json\/wp\/v2\/media?parent=100352"}],"wp:term":[{"taxonomy":"category","embeddable":true,"href":"https:\/\/cdnoticias.com\/index.php\/wp-json\/wp\/v2\/categories?post=100352"},{"taxonomy":"post_tag","embeddable":true,"href":"https:\/\/cdnoticias.com\/index.php\/wp-json\/wp\/v2\/tags?post=100352"}],"curies":[{"name":"wp","href":"https:\/\/api.w.org\/{rel}","templated":true}]}}