{"id":100317,"date":"2023-10-26T19:27:11","date_gmt":"2023-10-26T22:27:11","guid":{"rendered":"https:\/\/www.centraldenoticias.com.ar\/?p=100317"},"modified":"2023-10-26T19:28:17","modified_gmt":"2023-10-26T22:28:17","slug":"graduado-de-sociales-culmino-sus-estudios-de-maestria-en-europa","status":"publish","type":"post","link":"https:\/\/cdnoticias.com\/index.php\/2023\/10\/26\/graduado-de-sociales-culmino-sus-estudios-de-maestria-en-europa\/","title":{"rendered":"Graduado de Sociales culmin\u00f3 sus estudios de Maestr\u00eda en Europa"},"content":{"rendered":"<p>Se trata del Licenciado Rodrigo Pallicer quien se gradu\u00f3 de la Licenciatura en Antropolog\u00eda Social. &#8220;Soy un hijo de la educaci\u00f3n p\u00fablica y primera generaci\u00f3n en mi familia que tiene la posibilidad de realizar estudios universitarios. Me debo y quiero a la Universidad P\u00fablica y sus personas&#8221; expres\u00f3. <!--more--><\/p>\n<hr \/>\n<p>El<strong> Licenciado Rodrigo Pallicer,<\/strong> quien se gradu\u00f3 de la<strong> Licenciatura en Antropolog\u00eda Social<\/strong> en nuestra unidad acad\u00e9mica, defendi\u00f3 su tesis de Maestr\u00eda cursada en las Universidades de Paris 1 &#8211; Panth\u00e9on Sorbonne (Francia), \u00c9vora (Portugal) y Padua (Italia). Es el tercer graduado de FACSO que culmin\u00f3 este postgrado.<\/p>\n<p>Por tercer a\u00f1o consecutivo un graduado de la Facultad de Ciencias Sociales curs\u00f3 y defendi\u00f3 su tesis del M\u00e1ster \u201cT\u00e9cnicas, Patrimonio y Territorios de la Industria\u201d a trav\u00e9s de una <strong>beca del Programa de Maestr\u00edas \u201cErasmus Mundus<\/strong>\u201d, que le permiti\u00f3 cursar sus estudios de postgrados en<strong> tres universidades europeas<\/strong>. Las experiencias previas fueron las de las Mag. Florencia Fern\u00e1ndez Bertolini y Ana P\u00eda Recavarren.<\/p>\n<p>Semanas atr\u00e1s el Licenciado Rodrigo Ezequiel Pallicer, graduado de la Licenciatura en Antropolog\u00eda Social de la FACSO, defendi\u00f3 su tesis de Maestr\u00eda denominada \u201cLa inmigraci\u00f3n de ultramar y la formaci\u00f3n de culturas de trabajo en el centro de la provincia de Buenos Aires (1870-1930)\u201d. Pallicer, comenz\u00f3 a estudiar el postgrado a fines del a\u00f1o 2021, y se postul\u00f3 a esta beca a partir de los trabajos que realiza desde 2018 en el Grupo de Investigaci\u00f3n en Antropolog\u00eda y Arqueolog\u00eda Industrial (GIAAI &#8211; NURES) de la FACSO.<\/p>\n<p><img data-recalc-dims=\"1\" loading=\"lazy\" decoding=\"async\" class=\"aligncenter wp-image-100319 size-full\" src=\"https:\/\/i0.wp.com\/cdnoticias.com\/wp-content\/uploads\/2023\/10\/Rodrigo-Pallicer-3.png?resize=800%2C524&#038;ssl=1\" alt=\"\" width=\"800\" height=\"524\" srcset=\"https:\/\/i0.wp.com\/cdnoticias.com\/wp-content\/uploads\/2023\/10\/Rodrigo-Pallicer-3.png?w=951&amp;ssl=1 951w, https:\/\/i0.wp.com\/cdnoticias.com\/wp-content\/uploads\/2023\/10\/Rodrigo-Pallicer-3.png?resize=300%2C197&amp;ssl=1 300w, https:\/\/i0.wp.com\/cdnoticias.com\/wp-content\/uploads\/2023\/10\/Rodrigo-Pallicer-3.png?resize=768%2C503&amp;ssl=1 768w\" sizes=\"auto, (max-width: 800px) 100vw, 800px\" \/><\/p>\n<p>\u201cYa presentarme a la beca fue una gran experiencia, me permiti\u00f3 dar cuenta de los antecedentes que hab\u00eda formado en la Facultad y por fuera de ella, particularmente en el \u00e1mbito de la docencia y el trabajo territorial en las comunidades. Adem\u00e1s, fue una experiencia en la que pude capitalizar y potenciar los recursos que te posibilita la <strong>universidad p\u00fablica argentina,<\/strong> la posibilidad de pensar una ciencia, anclada en los territorios que problematiza su conformaci\u00f3n y proyecci\u00f3n\u201d, describi\u00f3 Pallicer.<\/p>\n<p>En relaci\u00f3n a la experiencia de estudio en las tres universidades europeas, agreg\u00f3 que le abri\u00f3 la \u201cposibilidad de proyectarse no s\u00f3lo en el ambiente p\u00fablico sino tambi\u00e9n en el desarrollo de proyectos privados, algo que sin duda el m\u00e1ster tiene en cuenta ya que te aporta herramientas para pensarte desde \u00e1mbitos diversos y poder vincularte con profesionales de otras disciplinas\u201d.<\/p>\n<p><strong>Acerca de la investigaci\u00f3n<\/strong><\/p>\n<p>La tesis de Maestr\u00eda denominada \u201cLa inmigraci\u00f3n de ultramar y la formaci\u00f3n de culturas de trabajo en el centro de la provincia de Buenos Aires (1870-1930)\u201d abord\u00f3 la <strong>influencia de la inmigraci\u00f3n de ultramar en relaci\u00f3n a la transferencia de t\u00e9cnicas y tecnolog\u00edas<\/strong> y la configuraci\u00f3n de culturas de trabajo y su resignificaci\u00f3n en la actualidad.<\/p>\n<p>El Lic. Pallicer trabaj\u00f3 en torno al an\u00e1lisis del proceso de ocupaci\u00f3n de la provincia de Buenos Aires y los sucesos derivados de la conformaci\u00f3n del estado-naci\u00f3n y su inserci\u00f3n a los mercados internacionales desde la segunda mitad del siglo XIX teniendo en cuenta la configuraci\u00f3n del espacio en el marco de relaciones de poder, de producci\u00f3n y culturas del trabajo que las piensa como parte de un patrimonio que se configura a lo largo del tiempo en el ecosistema minero de Olavarr\u00eda y que se resignifica en la actualidad en museos, escuelas y talleres en los que se lo trabaja. Cuesti\u00f3n que lo invita a pensar en las formas a partir de las cuales se recupera el patrimonio en las comunidades y sus conflictos.<\/p>\n<p><img data-recalc-dims=\"1\" loading=\"lazy\" decoding=\"async\" class=\"aligncenter wp-image-100321 size-full\" src=\"https:\/\/i0.wp.com\/cdnoticias.com\/wp-content\/uploads\/2023\/10\/Rodrigo-Pallicer-1.png?resize=800%2C484&#038;ssl=1\" alt=\"\" width=\"800\" height=\"484\" srcset=\"https:\/\/i0.wp.com\/cdnoticias.com\/wp-content\/uploads\/2023\/10\/Rodrigo-Pallicer-1.png?w=960&amp;ssl=1 960w, https:\/\/i0.wp.com\/cdnoticias.com\/wp-content\/uploads\/2023\/10\/Rodrigo-Pallicer-1.png?resize=300%2C182&amp;ssl=1 300w, https:\/\/i0.wp.com\/cdnoticias.com\/wp-content\/uploads\/2023\/10\/Rodrigo-Pallicer-1.png?resize=768%2C465&amp;ssl=1 768w\" sizes=\"auto, (max-width: 800px) 100vw, 800px\" \/><\/p>\n<p>Esta investigaci\u00f3n se suma a las que se realizan en el GIAAI desde 1999, con el objetivo de profundizar en la dimensi\u00f3n social de la producci\u00f3n del espacio, los usos del territorio, sus conflictos y el pensar \u201c<em><strong>el paisaje olavarriense como parte de un paisaje cultural, industrial, que da cuenta de diversos sistemas sociot\u00e9cnicos que hablan de la relaci\u00f3n entre el ambiente, las personas, los objetos, las tradiciones, sus conocimientos y sus herencias\u201d.<\/strong><\/em><\/p>\n<p><strong>\u201cSoy un hijo de la educaci\u00f3n p\u00fablica\u201d<\/strong><\/p>\n<p>Acerca de la experiencia y de la posibilidad de acceder a una beca de prestigio como fue la del Programa de Maestr\u00edas \u201cErasmus Mundus\u201d, el Lic. Pallicer resalt\u00f3 que \u201c<em><strong>tenemos una formaci\u00f3n de excelencia, que humaniza nuestro rol y que lo vincula, en el m\u00e1s alto nivel, al plano cient<\/strong><strong>\u00edfico aca<\/strong><strong>d\u00e9mico&#8221;. <\/strong><\/em><\/p>\n<blockquote><p>&#8220;Soy un hijo de la educaci\u00f3n p\u00fablica y primera generaci\u00f3n en mi familia que tiene la posibilidad de realizar estudios universitarios. Me debo y quiero a la Universidad P\u00fablica y sus personas. Cuesti\u00f3n que siempre he intentado retribuir desde mis trabajos en los territorios, escuelas y ahora en el m\u00e1ster ya que busco realizar el mejor trabajo profesional, para dejar bien parado al Grupo de Investigaci\u00f3n en Antropolog\u00eda y Arqueolog\u00eda Industrial a la UNICEN y particularmente a la Universidad P\u00fablica\u201d.<\/p><\/blockquote>\n<p>Por \u00faltimo, el graduado de la FACSO aprovech\u00f3 la oportunidad para recomendar a que otros y otras estudiantes de nuestra unidad acad\u00e9mica se sumen: \u201c<em><strong>Es una experiencia cultural, de vida, que te permite conocer otras realidades y modalidades de ense\u00f1anza\u201d.<\/strong><\/em><\/p>\n","protected":false},"excerpt":{"rendered":"<p>Se trata del Licenciado Rodrigo Pallicer quien se gradu\u00f3 de la Licenciatura en Antropolog\u00eda Social. &#8220;Soy un hijo de la<\/p>\n","protected":false},"author":1,"featured_media":100320,"comment_status":"closed","ping_status":"closed","sticky":false,"template":"","format":"standard","meta":{"_jetpack_memberships_contains_paid_content":false,"footnotes":""},"categories":[5,1],"tags":[],"class_list":["post-100317","post","type-post","status-publish","format-standard","has-post-thumbnail","hentry","category-informacion-general","category-portada"],"jetpack_featured_media_url":"https:\/\/i0.wp.com\/cdnoticias.com\/wp-content\/uploads\/2023\/10\/Rodrigo-Pallicer-2.png?fit=1440%2C953&ssl=1","jetpack_sharing_enabled":true,"_links":{"self":[{"href":"https:\/\/cdnoticias.com\/index.php\/wp-json\/wp\/v2\/posts\/100317","targetHints":{"allow":["GET"]}}],"collection":[{"href":"https:\/\/cdnoticias.com\/index.php\/wp-json\/wp\/v2\/posts"}],"about":[{"href":"https:\/\/cdnoticias.com\/index.php\/wp-json\/wp\/v2\/types\/post"}],"author":[{"embeddable":true,"href":"https:\/\/cdnoticias.com\/index.php\/wp-json\/wp\/v2\/users\/1"}],"replies":[{"embeddable":true,"href":"https:\/\/cdnoticias.com\/index.php\/wp-json\/wp\/v2\/comments?post=100317"}],"version-history":[{"count":0,"href":"https:\/\/cdnoticias.com\/index.php\/wp-json\/wp\/v2\/posts\/100317\/revisions"}],"wp:featuredmedia":[{"embeddable":true,"href":"https:\/\/cdnoticias.com\/index.php\/wp-json\/wp\/v2\/media\/100320"}],"wp:attachment":[{"href":"https:\/\/cdnoticias.com\/index.php\/wp-json\/wp\/v2\/media?parent=100317"}],"wp:term":[{"taxonomy":"category","embeddable":true,"href":"https:\/\/cdnoticias.com\/index.php\/wp-json\/wp\/v2\/categories?post=100317"},{"taxonomy":"post_tag","embeddable":true,"href":"https:\/\/cdnoticias.com\/index.php\/wp-json\/wp\/v2\/tags?post=100317"}],"curies":[{"name":"wp","href":"https:\/\/api.w.org\/{rel}","templated":true}]}}