{"id":100312,"date":"2023-10-27T08:18:13","date_gmt":"2023-10-27T11:18:13","guid":{"rendered":"https:\/\/www.centraldenoticias.com.ar\/?p=100312"},"modified":"2023-10-27T11:55:11","modified_gmt":"2023-10-27T14:55:11","slug":"belen-vergel-hacia-el-balotaje-nosotros-vamos-a-tener-una-postura-totalmente-neutral","status":"publish","type":"post","link":"https:\/\/cdnoticias.com\/index.php\/2023\/10\/27\/belen-vergel-hacia-el-balotaje-nosotros-vamos-a-tener-una-postura-totalmente-neutral\/","title":{"rendered":"Bel\u00e9n Vergel hacia el balotaje: \u201cNosotros vamos a tener una postura totalmente neutral\u201d"},"content":{"rendered":"<p>La presidenta de la UCR habl\u00f3 con Central de Noticias sobre lo que dej\u00f3 el resultado electoral. Francisco Gonz\u00e1lez, electo concejal: \u201cde ahora en m\u00e1s tenemos que trabajar en este rol que se nos ha otorgado, que es el rol de ser opositor\u201d.<\/p>\n<p><!--more--><\/p>\n<hr \/>\n<p>En las \u00faltimas horas,<strong> la UCR nacional<\/strong> a trav\u00e9s de sus autoridades partidarias, gobernadores y principales dirigentes expres\u00f3 que <strong>no apoyar\u00e1 a ninguno de los candidatos presidenciales que competir\u00e1 en el ballotage<\/strong> el 19 de noviembre.<strong> Central de Noticias<\/strong> habl\u00f3 del tema con la <strong>presidenta del Comit\u00e9 local, Bel\u00e9n Vergel<\/strong>, y con el electo concejal, <strong>Francisco \u201cPancho\u201d Gonz\u00e1lez<\/strong>.<\/p>\n<p>Se sumaron a la decisi\u00f3n, subrayaron la <strong>intenci\u00f3n de mantener \u201cla neutralidad\u201d<\/strong> y cuestionaron la actitud de Patricia Bullrich y Mauricio Macri de apoyar a Javier Milei. Vergel sostuvo que <strong>\u201cMilei no coincide para nada con lo que nosotros esperamos de un gobierno&#8221;<\/strong>.<\/p>\n<p>La evaluaci\u00f3n del resultado electoral del domingo, el fortalecimiento de la UCR y el futuro de Juntos por el Cambio: <strong>&#8220;la pr\u00f3xima conducci\u00f3n deber\u00eda de ser de un radical&#8221;<\/strong>.<\/p>\n<p>&#8211;<em>\u00bfC\u00f3mo vieron el resultado electoral en Olavarr\u00eda? Pancho, ingresaste a una banca en el HCD.<\/em><\/p>\n<p>Pancho Gonz\u00e1lez:- Claramente<strong> no es el resultado por el cual trabajamos ni esper\u00e1bamos<\/strong>. Trabajamos fuertemente en la campa\u00f1a tratando de llevar un mensaje que tambi\u00e9n ten\u00eda que ver con la elecci\u00f3n nacional, la elecci\u00f3n provincial. Del mismo modo esper\u00e1bamos un mejor resultado en Olavarr\u00eda, esper\u00e1bamos lo mismo a nivel nacional y a nivel provincial lo cual termina contribuyendo que sea una mala elecci\u00f3n de Juntos en los diferentes \u00e1mbitos. Y creo que hay mucho para analizar en cuanto a lo que se hizo mal, por qu\u00e9 <strong>no terminamos siendo representativos<\/strong> para la sociedad. Y <strong>el caudal de votos que ha perdido el espacio<\/strong> de 2019 y 2021 que fue el m\u00e1s inmediato donde se hab\u00eda tenido una muy buena elecci\u00f3n, a este 2023 donde hubo un gran decrecimiento. Creo que hay muchas responsabilidades, muchos puntos para analizar, que seguramente va a ser materia para estudio y de an\u00e1lisis para lo que viene. <strong>De ahora en m\u00e1s tenemos que trabajar en este rol que se nos ha otorgado, que es el rol de ser opositor en los diferentes \u00e1mbitos<\/strong>. Para eso seguiremos trabajando y no tengo duda que tiene que ser todos juntos, manteniendo el frente y haci\u00e9ndolo cada vez m\u00e1s fuerte, cada vez m\u00e1s amplio. Nosotros en el radicalismo, pero tambi\u00e9n entendiendo que somos parte de un frente que necesita estar fuertemente activo, amplio y con la participaci\u00f3n de todos.<\/p>\n<p><img data-recalc-dims=\"1\" loading=\"lazy\" decoding=\"async\" class=\"size-full wp-image-100289 aligncenter\" src=\"https:\/\/i0.wp.com\/cdnoticias.com\/wp-content\/uploads\/2023\/10\/gonzalez-pancho-02.jpg?resize=800%2C445&#038;ssl=1\" alt=\"\" width=\"800\" height=\"445\" srcset=\"https:\/\/i0.wp.com\/cdnoticias.com\/wp-content\/uploads\/2023\/10\/gonzalez-pancho-02.jpg?w=800&amp;ssl=1 800w, https:\/\/i0.wp.com\/cdnoticias.com\/wp-content\/uploads\/2023\/10\/gonzalez-pancho-02.jpg?resize=300%2C167&amp;ssl=1 300w, https:\/\/i0.wp.com\/cdnoticias.com\/wp-content\/uploads\/2023\/10\/gonzalez-pancho-02.jpg?resize=768%2C427&amp;ssl=1 768w\" sizes=\"auto, (max-width: 800px) 100vw, 800px\" \/><\/p>\n<p><em>-Bel\u00e9n, adem\u00e1s de ser concejal sos presidenta de la UCR en Olavarr\u00eda. Este nuevo rol que marcaba Pancho \u00bfc\u00f3mo lo ves en lo local?<\/em><\/p>\n<p>Bel\u00e9n Vergel:- Es muy importante que siga creciendo el radicalismo, que siga teniendo la fortaleza y la musculatura necesaria para lo que viene, para seguir aportando a Juntos por el Cambio. Es el espacio que va a cumplir el rol opositor tanto en las legislaturas como a nivel local y creo que desde ese el lugar nos tenemos que empezar a posicionar y trabajarlo hacia el futuro. El resultado lo tenemos reciente pero creo que nosotros <strong>como partido pol\u00edtico y frente electoral no hemos dado lo que la ciudadan\u00eda estaba esperando o estaba pretendiendo de nosotros<\/strong>. Y ahora lo dejamos en manos de esta disyuntiva que vamos a tener en noviembre, lo que <strong>hace que tengamos que rever y replantearnos algunas cuestiones para realmente ser una alternativa<\/strong> las pr\u00f3ximas elecciones y trabajar en pos de eso, siempre dentro del espacio en el cual este estamos que es Juntos por el Cambio.<\/p>\n<p>&#8211;<em>Primero hablemos de esta fecha, 19 de noviembre. \u00bfQu\u00e9 quiere decir \u201clo dejamos\u201d?<\/em><\/p>\n<blockquote><p>BV:- Nosotros vamos a tener una postura totalmente neutral, no vamos a tomar partido por ninguno de los candidatos. Ese es el posicionamiento que se tom\u00f3 desde el partido y tambi\u00e9n los gobernadores ayer se manifestaron en igual forma, seguir manteniendo su identidad, seguir trabajando para lo cual fueron cada uno de los legisladores como tambi\u00e9n gobernadores. Y no perder el rol que les toca desempe\u00f1ar en lo que viene, siempre desde este lugar de una neutralidad bien.<\/p><\/blockquote>\n<p>&#8211;<em>El mi\u00e9rcoles<\/em> <em>Gerardo Morales dijo \u201cMilei es fascista\u201d. \u00bfCoincid\u00eds con esa lectura?<\/em><\/p>\n<p>BV:- Sabemos que <strong>Milei no coincide para nada con lo que nosotros esperamos de un gobierno.<\/strong> No es lo que queremos para nuestra Argentina. Hay muchas cosas de Milei que obviamente no nos gustan, que no respetan nuestra proyecci\u00f3n pol\u00edtica, ni tampoco del espacio. Creo que <strong>es tiempo de que nosotros seamos un poco m\u00e1s cuidadosos en nuestros discursos de ac\u00e1 en adelante<\/strong> para dejar al electorado que pueda pensar tranquilo qu\u00e9 es lo mejor para nuestro pa\u00eds en noviembre.<\/p>\n<p><em>-Tambi\u00e9n mencionaste &#8220;integrando Juntos por el Cambio&#8221;.<\/em><\/p>\n<p>BV:- S\u00ed, s\u00ed, claro.<strong> Tenemos que seguir fortaleciendo.<\/strong><\/p>\n<p><img data-recalc-dims=\"1\" loading=\"lazy\" decoding=\"async\" class=\"size-full wp-image-100292 aligncenter\" src=\"https:\/\/i0.wp.com\/cdnoticias.com\/wp-content\/uploads\/2023\/10\/vergel-belen-03.jpg?resize=800%2C445&#038;ssl=1\" alt=\"\" width=\"800\" height=\"445\" srcset=\"https:\/\/i0.wp.com\/cdnoticias.com\/wp-content\/uploads\/2023\/10\/vergel-belen-03.jpg?w=800&amp;ssl=1 800w, https:\/\/i0.wp.com\/cdnoticias.com\/wp-content\/uploads\/2023\/10\/vergel-belen-03.jpg?resize=300%2C167&amp;ssl=1 300w, https:\/\/i0.wp.com\/cdnoticias.com\/wp-content\/uploads\/2023\/10\/vergel-belen-03.jpg?resize=768%2C427&amp;ssl=1 768w\" sizes=\"auto, (max-width: 800px) 100vw, 800px\" \/><\/p>\n<p><em>-\u00bfEn qu\u00e9 condiciones seguir sosteniendo la alianza? \u00bfHay que rever esa relaci\u00f3n de fuerzas?<\/em><\/p>\n<p>BV:- S\u00ed, seguramente. <strong>La pr\u00f3xima conducci\u00f3n deber\u00eda de ser de un radical <\/strong>o al menos eso es todo lo que anhelo, que el radicalismo tenga el protagonismo que se merece. En los \u00faltimos tiempos hubo elecciones en que hemos demostrado que <strong>hay radicales con mucha potencia y con una gran proyecci\u00f3n<\/strong> que pueden llegar a estar encabezando lo que viene.<\/p>\n<p>PG:- Se viene una etapa de grandes cambios, incluso generacionales en los partidos. M\u00e1s all\u00e1 de la mala elecci\u00f3n del pasado domingo hay que tambi\u00e9n ir a por las muy buenas elecciones que se han tenido en la provincia. Maximiliano Pullaro (gobernador electo de Santa Fe), el caso de Chaco, vamos a tener cinco gobernadores radicales, diez gobernadores de Juntos por el Cambio y no es poca cosa. Vamos a tener casi la misma cantidad de gobernadores de lo que tiene hoy el oficialismo. <strong>Creo que m\u00e1s all\u00e1 de la mala elecci\u00f3n del domingo hay un gran crecimiento del radicalismo y de Juntos por el Cambio<\/strong>. Por eso hay que ser responsable de acompa\u00f1ar el frente. Acompa\u00f1ar a los gobernadores, a legisladores. En las c\u00e1maras provinciales hay paridad absoluta en Diputados y Senadores y es fundamental acompa\u00f1arlos, sostenerlos, fortalecer eso y fomentar un mayor crecimiento del radicalismo dentro del frente. Creo que es bueno para el frente, no porque quiera que el radicalismo sea protagonista porque s\u00ed. <strong>Tenemos mucho para aportar y creo que el mensaje del pasado domingo va un poco en ese sentido<\/strong>. Nosotros trabajamos y apostamos en una primera instancia por la candidatura de Gerardo Morales y de Horacio Rodr\u00edguez Larreta a nivel nacional. Se perdi\u00f3 las PASO. Autom\u00e1ticamente nos pusimos a disposici\u00f3n a trabajar por la candidatura de N\u00e9stor Grindetti en la provincia y de Patricia Bullrich en lo nacional pero porque entend\u00edamos en un principio que el camino era m\u00e1s por un sector m\u00e1s moderado, m\u00e1s de centro, dejar de ir a<strong> los extremos que est\u00e1n planteados muy claramente en este balotaje<\/strong> tanto en el sector del oficialismo con Sergio Massa como con Javier Milei. Son dos posiciones claras de los dos extremos que est\u00e1n instalados. Desde nuestro espacio <strong>tratamos de traer mesura, de ir por el medio de una grieta que est\u00e1 cada vez m\u00e1s profunda<\/strong>. Pero bueno la sociedad lo que eligi\u00f3 por ah\u00ed. Yo creo que el rendimiento hubiese sido distinto con una propuesta un poco m\u00e1s moderada en las generales. Hoy nos toca en base a los resultados del domingo encabezar la oposici\u00f3n, ser parte de la oposici\u00f3n y ser responsable por eso y poder brindarles soluciones a nuestros vecinos y un fuerte acompa\u00f1amiento a los gobernadores y a los legisladores que son parte de nuestro espacio.<\/p>\n<p><img data-recalc-dims=\"1\" loading=\"lazy\" decoding=\"async\" class=\"size-full wp-image-100290 aligncenter\" src=\"https:\/\/i0.wp.com\/cdnoticias.com\/wp-content\/uploads\/2023\/10\/gonzalez-pancho-03.jpg?resize=800%2C445&#038;ssl=1\" alt=\"\" width=\"800\" height=\"445\" srcset=\"https:\/\/i0.wp.com\/cdnoticias.com\/wp-content\/uploads\/2023\/10\/gonzalez-pancho-03.jpg?w=800&amp;ssl=1 800w, https:\/\/i0.wp.com\/cdnoticias.com\/wp-content\/uploads\/2023\/10\/gonzalez-pancho-03.jpg?resize=300%2C167&amp;ssl=1 300w, https:\/\/i0.wp.com\/cdnoticias.com\/wp-content\/uploads\/2023\/10\/gonzalez-pancho-03.jpg?resize=768%2C427&amp;ssl=1 768w\" sizes=\"auto, (max-width: 800px) 100vw, 800px\" \/><\/p>\n<p><em>-Otro mensaje que dej\u00f3 Gerardo Morales fue se\u00f1alar que Patricia Bullrich y Gerardo Morales se fueron del frente. \u00bfUstedes coinciden con esa visi\u00f3n?<\/em><\/p>\n<p>BV:-<strong> Es una decisi\u00f3n personal que tom\u00f3 tanto Patricia como Mauricio Macri<\/strong>. El resto de los partidos pol\u00edticos est\u00e1n en unidad y con un mensaje claro de cu\u00e1l es el posicionamiento. A las claras est\u00e1 de que son solamente esas personas las que tomaron esa decisi\u00f3n.<\/p>\n<p>PG:- Creo que <strong>si est\u00e1n afuera o dentro de Juntos el tiempo lo dir\u00e1<\/strong>. S\u00ed creo que <strong>hay una responsabilidad del ex presidente Macri no solo con esta decisi\u00f3n sino en todo el transcurso de la campa\u00f1a de este a\u00f1o,<\/strong> ya en las PASO gener\u00f3 largos conflictos entre los dos candidatos que hab\u00eda, posteriormente mostr\u00f3 cierta cercan\u00eda con la candidatura de Milei que era de su gusto. La verdad que no fue bueno el rol que cumpli\u00f3. Creo que <strong>lo que plante\u00f3 Gerardo Morales va m\u00e1s que en sinton\u00eda con una serie de situaciones que se presentaron durante el a\u00f1o y no solo por lo del mi\u00e9rcoles<\/strong>. Lo del mi\u00e9rcoles creo que termina algo que lo que ha hecho es debilitar al frente electoral. El tiempo dir\u00e1 de qu\u00e9 manera se contin\u00faa si van a ser parte o no. S\u00ed fue una reuni\u00f3n inconsulta de tres actores. Lo escuchamos a Petri decir que hab\u00eda sido convocado a la reuni\u00f3n y que se encontr\u00f3 ah\u00ed que estaba Milei.<strong> Se desconoce qu\u00e9 se acord\u00f3, qu\u00e9 se habl\u00f3 y dem\u00e1s. No sabemos si van a ser parte de un posible gobierno de o parte de un espacio conducido por Javier Milei<\/strong>. Nosotros apuntamos y nuestro partido en su parte mayoritaria apuesta a seguir fortaleciendo un frente que el votante nos dispuso o nos eligi\u00f3 para ser oposici\u00f3n y tenemos que ser responsables con eso.<\/p>\n<p><img data-recalc-dims=\"1\" loading=\"lazy\" decoding=\"async\" class=\"size-full wp-image-100291 aligncenter\" src=\"https:\/\/i0.wp.com\/cdnoticias.com\/wp-content\/uploads\/2023\/10\/vergel-belen-01.jpg?resize=800%2C445&#038;ssl=1\" alt=\"\" width=\"800\" height=\"445\" srcset=\"https:\/\/i0.wp.com\/cdnoticias.com\/wp-content\/uploads\/2023\/10\/vergel-belen-01.jpg?w=800&amp;ssl=1 800w, https:\/\/i0.wp.com\/cdnoticias.com\/wp-content\/uploads\/2023\/10\/vergel-belen-01.jpg?resize=300%2C167&amp;ssl=1 300w, https:\/\/i0.wp.com\/cdnoticias.com\/wp-content\/uploads\/2023\/10\/vergel-belen-01.jpg?resize=768%2C427&amp;ssl=1 768w\" sizes=\"auto, (max-width: 800px) 100vw, 800px\" \/><\/p>\n<p>&#8211;<em>Pensando en la UCR local se ven diferentes sectores que van a las internas. \u00bfEsa participaci\u00f3n se traduce despu\u00e9s en actividad local y sumar para el desarrollo del partido?<\/em><\/p>\n<p>BV:- Para nosotros las internas no son mala palabra. Nuestra conformaci\u00f3n y nuestro trabajo a trav\u00e9s del tiempo ha sido siempre dirimiendo a trav\u00e9s de una interna qui\u00e9n es la conducci\u00f3n partidaria, qui\u00e9n es la persona que va a conformar el equipo de llevar adelante la voz del radicalismo en la ciudad. Y lo hemos hecho siempre como corresponde a trav\u00e9s de las urnas, a trav\u00e9s de generar el espacio donde el correligionario pueda ir y manifestarse.<strong> Posterior a eso el que gana gobierna y el que pierde acompa\u00f1a deber\u00eda de ser la l\u00f3gica y deber\u00eda en ese sentido trabajarse.<\/strong> <a href=\"https:\/\/cdnoticias.com\/index.php\/2023\/10\/26\/actividades-de-la-ucr-para-conmemorar-los-40-anos-de-democracia\/\" target=\"_blank\" rel=\"noopener\">Nosotros actualmente estamos llevando adelante una actividad muy importante<\/a> que se convoca desde la UCR, que tiene que ver con<strong> los 40 a\u00f1os de democracia<\/strong> y ah\u00ed est\u00e1 toda la comunidad radical y los amigos y vecinos colabor\u00e1ndonos con una <strong>muestra colectiva<\/strong>, mostrando de alguna manera todo lo que ha pasado en esta vida democr\u00e1tica, en unidad. Porque creo que<strong> es lo que debemos de darle a la sociedad, un radicalismo unido, un radicalismo que d\u00e9 respuesta a cada una de las cuestiones que pasan a nivel local, provincial o nacional.<\/strong> Dejar de por ah\u00ed mirarse el ombligo para estar pensando en mejores proyectos, en mejores iniciativas y como te dije reci\u00e9n, dando alguna respuesta a la comunidad.<\/p>\n","protected":false},"excerpt":{"rendered":"<p>La presidenta de la UCR habl\u00f3 con Central de Noticias sobre lo que dej\u00f3 el resultado electoral. Francisco Gonz\u00e1lez, electo<\/p>\n","protected":false},"author":1,"featured_media":100293,"comment_status":"closed","ping_status":"closed","sticky":false,"template":"","format":"standard","meta":{"_jetpack_memberships_contains_paid_content":false,"footnotes":""},"categories":[4,1],"tags":[],"class_list":["post-100312","post","type-post","status-publish","format-standard","has-post-thumbnail","hentry","category-politica","category-portada"],"jetpack_featured_media_url":"https:\/\/i0.wp.com\/cdnoticias.com\/wp-content\/uploads\/2023\/10\/vergel-gonzalez.jpg?fit=800%2C445&ssl=1","jetpack_sharing_enabled":true,"_links":{"self":[{"href":"https:\/\/cdnoticias.com\/index.php\/wp-json\/wp\/v2\/posts\/100312","targetHints":{"allow":["GET"]}}],"collection":[{"href":"https:\/\/cdnoticias.com\/index.php\/wp-json\/wp\/v2\/posts"}],"about":[{"href":"https:\/\/cdnoticias.com\/index.php\/wp-json\/wp\/v2\/types\/post"}],"author":[{"embeddable":true,"href":"https:\/\/cdnoticias.com\/index.php\/wp-json\/wp\/v2\/users\/1"}],"replies":[{"embeddable":true,"href":"https:\/\/cdnoticias.com\/index.php\/wp-json\/wp\/v2\/comments?post=100312"}],"version-history":[{"count":0,"href":"https:\/\/cdnoticias.com\/index.php\/wp-json\/wp\/v2\/posts\/100312\/revisions"}],"wp:featuredmedia":[{"embeddable":true,"href":"https:\/\/cdnoticias.com\/index.php\/wp-json\/wp\/v2\/media\/100293"}],"wp:attachment":[{"href":"https:\/\/cdnoticias.com\/index.php\/wp-json\/wp\/v2\/media?parent=100312"}],"wp:term":[{"taxonomy":"category","embeddable":true,"href":"https:\/\/cdnoticias.com\/index.php\/wp-json\/wp\/v2\/categories?post=100312"},{"taxonomy":"post_tag","embeddable":true,"href":"https:\/\/cdnoticias.com\/index.php\/wp-json\/wp\/v2\/tags?post=100312"}],"curies":[{"name":"wp","href":"https:\/\/api.w.org\/{rel}","templated":true}]}}