{"id":100223,"date":"2023-10-25T12:36:20","date_gmt":"2023-10-25T15:36:20","guid":{"rendered":"https:\/\/www.centraldenoticias.com.ar\/?p=100223"},"modified":"2023-10-25T17:02:21","modified_gmt":"2023-10-25T20:02:21","slug":"esto-es-lo-que-pretendia-bullrich-que-los-trabajadores-no-tengan-derecho-al-reclamo","status":"publish","type":"post","link":"https:\/\/cdnoticias.com\/index.php\/2023\/10\/25\/esto-es-lo-que-pretendia-bullrich-que-los-trabajadores-no-tengan-derecho-al-reclamo\/","title":{"rendered":"\u201cEsto es lo que pretend\u00eda Bullrich, que los trabajadores no tengan derecho al reclamo\u201d"},"content":{"rendered":"<p>Jos\u00e9 Stuppia habl\u00f3 con los medios locales despu\u00e9s de ver impedida la posibilidad de entregar un petitorio en el Concejo Deliberante. \u201cNo se puede ir el intendente, escaparse o fugarse como se est\u00e1 fugando\u201d dijo. Fuertes cr\u00edticas a la gesti\u00f3n financiera municipal. Qu\u00e9 dice el petitorio.<\/p>\n<p><!--more--><\/p>\n<hr \/>\n<p><strong>\u201cEsto es un acto represivo inusitado, no podemos entregar el petitorio. Esto es lo que pretend\u00eda (Patricia) Bullrich, que los trabajadores no tengan derecho al reclamo. Gracias a dios perdieron las elecciones y ganamos en todos lados,<\/strong> sino esto es lo que le esperaba al movimiento obrero\u201d. Con esas palabras <strong>Jos\u00e9 Stuppia resumi\u00f3 su lectura de lo sucedido poco antes de las 9 de la ma\u00f1ana<\/strong> en <a href=\"https:\/\/cdnoticias.com\/index.php\/2023\/10\/25\/fuerte-presencia-policial-en-el-hcd-por-la-protesta-de-trabajadores-municipales\/\" target=\"_blank\" rel=\"noopener\">Dorrego y Rivadavia donde un fuerte operativo policial<\/a> impidi\u00f3 que una manifestaci\u00f3n llegara a las puertas del Concejo Deliberante.<\/p>\n<p>&nbsp;<\/p>\n<p><a href=\"https:\/\/cdnoticias.com\/index.php\/2023\/10\/25\/del-concejo-a-la-comisaria\/\" target=\"_blank\" rel=\"noopener\">Tras encabezar un peque\u00f1o acto<\/a> en ese cruce,<strong> donde Stuppia ley\u00f3 el petitorio que se iba a entregar en el legislativo<\/strong> habl\u00f3 con los medios.<strong> Reiter\u00f3 su postura de rechazo a la licencia que desde este mi\u00e9rcoles se va a tomar Ezequiel Galli<\/strong>, <a href=\"https:\/\/cdnoticias.com\/index.php\/2023\/10\/25\/por-unanimidad-el-hcd-aprobo-la-licencia-del-intendente-ezequiel-galli\/\" target=\"_blank\" rel=\"noopener\">la cual ya fue aprobada por el HCD<\/a>.<\/p>\n<p>&nbsp;<\/p>\n<p>El secretario general del Sindicato de Trabajadores Municipales (STMO) aclar\u00f3 que <strong>con el recientemente electo intendente a\u00fan no ha mantenido di\u00e1logo<\/strong>. <em>\u201cCon (Maximiliano) Wesner nos hemos saludado por mensajes de Whatsapp y seguramente nos vamos encontrar\u201d<\/em> dijo.<\/p>\n<p>&nbsp;<\/p>\n<p>Mientras intentaban pasar por calle Dorrego y el vallado policial se los imped\u00eda, Stuppia se cruz\u00f3 con dos concejales, Celeste Arouxet de Ahora Olavarr\u00eda y Juan S\u00e1nchez de Uni\u00f3n por la Patria. Ante la consulta por el contacto, indic\u00f3 que a ambos les entreg\u00f3 el petitorio \u201cpara que lo puedan llevar hasta el Concejo\u201d.<\/p>\n<p>&nbsp;<\/p>\n<p><img data-recalc-dims=\"1\" loading=\"lazy\" decoding=\"async\" class=\"aligncenter wp-image-100227\" src=\"https:\/\/i0.wp.com\/cdnoticias.com\/wp-content\/uploads\/2023\/10\/STMO-CGT-manifestacion-00.jpg?resize=800%2C445&#038;ssl=1\" alt=\"\" width=\"800\" height=\"445\" srcset=\"https:\/\/i0.wp.com\/cdnoticias.com\/wp-content\/uploads\/2023\/10\/STMO-CGT-manifestacion-00.jpg?w=1000&amp;ssl=1 1000w, https:\/\/i0.wp.com\/cdnoticias.com\/wp-content\/uploads\/2023\/10\/STMO-CGT-manifestacion-00.jpg?resize=300%2C167&amp;ssl=1 300w, https:\/\/i0.wp.com\/cdnoticias.com\/wp-content\/uploads\/2023\/10\/STMO-CGT-manifestacion-00.jpg?resize=768%2C427&amp;ssl=1 768w, https:\/\/i0.wp.com\/cdnoticias.com\/wp-content\/uploads\/2023\/10\/STMO-CGT-manifestacion-00.jpg?resize=800%2C445&amp;ssl=1 800w\" sizes=\"auto, (max-width: 800px) 100vw, 800px\" \/><\/p>\n<p>&nbsp;<\/p>\n<p>A su vez, <strong>inform\u00f3 que este martes mantuvo un contacto con Ezequiel Galli<\/strong>. \u201cLo que \u00e9l plante\u00f3 es que le vayamos a reclamar a Wesner, como<strong> un acto de represalia de haber perdido la elecci\u00f3n \u00e9l<\/strong>. Como que nosotros somos los culpables\u201d expuso tal como a primera hora de la ma\u00f1ana <a href=\"https:\/\/cdnoticias.com\/index.php\/2023\/10\/25\/stmo-es-una-clara-represalia-por-haber-perdido-las-elecciones\/\" target=\"_blank\" rel=\"noopener\">se hab\u00eda manifestado en el comunicado del STMO<\/a>.<\/p>\n<p>&nbsp;<\/p>\n<p>Para el representante gremial,<strong> la presencia del actual jefe comunal en el Municipio ser\u00e1 clave la semana que viene ya que el 1\u00ba de noviembre se reabrir\u00e1 la pr\u00f3xima etapa de paritarias<\/strong>. En ese punto ubic\u00f3 el rechazo a la licencia.<\/p>\n<p>&nbsp;<\/p>\n<blockquote><p>\u201cEse es el problema. No se puede ir el intendente, escaparse o fugarse como se est\u00e1 fugando. Entiendo que todos necesitamos periodos vacacionales pero \u00e9l va a tener varios a\u00f1os para estar de vacaciones. Aparte es un tipo rico, problemas por las vacaciones no debe tener. Tiene que asumir los compromisos que acord\u00f3. No irse en estos momentos. Va a volver cuando tenga que entregarle el mando a Wesner\u201d se quej\u00f3.<\/p><\/blockquote>\n<p>&nbsp;<\/p>\n<p>Consider\u00f3 que <strong>la actitud del Ejecutivo local \u201ces una estafa a los trabajadores municipales\u201d<\/strong> y apunt\u00f3 al manejo financiero de la gesti\u00f3n. Se refiri\u00f3 a la primera reuni\u00f3n de paritaria del a\u00f1o, en febrero, en la que le cuestion\u00f3 a Ezequiel Galli el monto de los recursos de capital. Afirm\u00f3 que en ese monto se ubica el d\u00e9ficit municipal.<\/p>\n<p>&nbsp;<\/p>\n<p><img data-recalc-dims=\"1\" loading=\"lazy\" decoding=\"async\" class=\"size-full wp-image-100189 aligncenter\" src=\"https:\/\/i0.wp.com\/cdnoticias.com\/wp-content\/uploads\/2023\/10\/protesta-STMO-02.jpg?resize=800%2C445&#038;ssl=1\" alt=\"\" width=\"800\" height=\"445\" srcset=\"https:\/\/i0.wp.com\/cdnoticias.com\/wp-content\/uploads\/2023\/10\/protesta-STMO-02.jpg?w=800&amp;ssl=1 800w, https:\/\/i0.wp.com\/cdnoticias.com\/wp-content\/uploads\/2023\/10\/protesta-STMO-02.jpg?resize=300%2C167&amp;ssl=1 300w, https:\/\/i0.wp.com\/cdnoticias.com\/wp-content\/uploads\/2023\/10\/protesta-STMO-02.jpg?resize=768%2C427&amp;ssl=1 768w\" sizes=\"auto, (max-width: 800px) 100vw, 800px\" \/><\/p>\n<p>&nbsp;<\/p>\n<p>\u201cDije que el gasto de capital que pensaba hacer \u00e9l era demasiado, que no iban a quedar recursos econ\u00f3micos para los trabajadores y trabajadoras. Me dijo \u00e9l que \u00e9l era intendente y que destinaba los fondos a donde quer\u00eda, y que si yo pretend\u00eda que me postule para intendente y despu\u00e9s decida para d\u00f3nde van los fondos. Le dije que ten\u00eda raz\u00f3n como intendente. Y que como secretario general sab\u00eda lo que ten\u00eda que hacer. <strong>Despu\u00e9s de esas palabras vino el conflicto en el Hospital y despu\u00e9s nos par\u00f3 la campa\u00f1a pol\u00edtica\u201d<\/strong> plante\u00f3 sobre la evoluci\u00f3n de las manifestaciones p\u00fablicas del STMO.<\/p>\n<p>&nbsp;<\/p>\n<p>Aclar\u00f3 que las reuniones internas con el Ejecutivo siguieron, aunque sin manifestaciones ni protestas p\u00fablicas. Tambi\u00e9n dej\u00f3 saber que<strong> desde el STMO se inform\u00f3 a las \u201cfuerzas opositoras\u201d del avance de las paritarias<\/strong>, \u201cc\u00f3mo era el estado econ\u00f3mico de los trabajadores, c\u00f3mo eran las negociaciones y c\u00f3mo dilapidaban el dinero.<strong> Ten\u00edan 500 millones para destinar a recursos de capital y destinaron 2000. Son 1500 millones dem\u00e1s, eso es el d\u00e9ficit. Adem\u00e1s de que son malos recaudadores\u201d<\/strong> sostuvo.<\/p>\n<p>&nbsp;<\/p>\n<blockquote><p>\u201cSon fuertes, agresivos, con los d\u00e9biles. Pero con los poderosos se arrodillan. Es vergonzoso que no nos dejen entregar un petitorio\u201d reiter\u00f3 el dirigente.<\/p><\/blockquote>\n<p>&nbsp;<\/p>\n<p>Por \u00faltimo respondi\u00f3 que \u201cnos preocupa\u201d lo que deparar\u00e1 el a\u00f1o pr\u00f3ximo para la negociaci\u00f3n salarial del STMO. <strong>\u201cSomos de mirar mucho las cuentas y no excedernos en lo que pedimos los trabajadores<\/strong>, porque a nosotros nos conviene un Municipio que funcione bien, entonces vamos a estar bien todos. Nos preocupa las malas decisiones que tomaron. Pero las decisiones esas no son porque s\u00ed. Sabemos lo que es la obra p\u00fablica y los proveedores para estos intendentes, que es tambi\u00e9n una manera de recaudaci\u00f3n para ellos\u201d cerr\u00f3.<\/p>\n<p>&nbsp;<\/p>\n<p><img data-recalc-dims=\"1\" loading=\"lazy\" decoding=\"async\" class=\"size-full wp-image-100199 aligncenter\" src=\"https:\/\/i0.wp.com\/cdnoticias.com\/wp-content\/uploads\/2023\/10\/protesta-stmo-cgt-comisaria-04.jpg?resize=800%2C445&#038;ssl=1\" alt=\"\" width=\"800\" height=\"445\" srcset=\"https:\/\/i0.wp.com\/cdnoticias.com\/wp-content\/uploads\/2023\/10\/protesta-stmo-cgt-comisaria-04.jpg?w=800&amp;ssl=1 800w, https:\/\/i0.wp.com\/cdnoticias.com\/wp-content\/uploads\/2023\/10\/protesta-stmo-cgt-comisaria-04.jpg?resize=300%2C167&amp;ssl=1 300w, https:\/\/i0.wp.com\/cdnoticias.com\/wp-content\/uploads\/2023\/10\/protesta-stmo-cgt-comisaria-04.jpg?resize=768%2C427&amp;ssl=1 768w\" sizes=\"auto, (max-width: 800px) 100vw, 800px\" \/><\/p>\n<p>&nbsp;<\/p>\n<h2>El petitorio<\/h2>\n<p>&nbsp;<\/p>\n<p>En la nota que el STMO pretend\u00eda entregar a la presidenta del HCD, Cecilia Krivochen, dirigida a todos los ediles el sindicato inform\u00f3 su intenci\u00f3n de <strong>\u201csolicitarles formalmente que se deniegue el pedido de licencia solicitado por el Sr. Intendente Municipal Ezequiel Galli\u201d<\/strong>.<\/p>\n<p>&nbsp;<\/p>\n<blockquote><p>\u201cEl motivo de esta petici\u00f3n urgente est\u00e1 fundamentado por la existencia de acuerdos previos entre el Departamento Ejecutivo Municipal y este Sindicato a\u00fan pendientes de firma por parte del jefe comunal\u201d se expres\u00f3 para demandar que \u201cse torna indispensable que el Sr. Intendente cumpla los actos administrativos jur\u00eddicos asumidos en las negociaciones colectivas con el Sindicato de Trabajadores Municipales que a\u00fan adeuda\u201d.<\/p><\/blockquote>\n<p>&nbsp;<\/p>\n<p>En un detalle anexo a la nota, el STMO expuso puntualmente sus demandas. <strong>Acusaron al Ejecutivo de \u201cincumplimiento flagrante de las cl\u00e1usulas paritarias 2023<\/strong>, en especial, el relativo a los incrementos salariales otorgados hasta la fecha, los cuales deber\u00edan alcanzar como piso la inflaci\u00f3n acumulada durante los 9 primeros meses del a\u00f1o: 103,2%, de los cuales solo se ha otorgado de manera cuotificada solo un 65%\u201d.<\/p>\n<p><img data-recalc-dims=\"1\" loading=\"lazy\" decoding=\"async\" class=\"size-large wp-image-100224 aligncenter\" src=\"https:\/\/i0.wp.com\/cdnoticias.com\/wp-content\/uploads\/2023\/10\/comunicado-STMO-00.jpg?resize=800%2C913&#038;ssl=1\" alt=\"\" width=\"800\" height=\"913\" srcset=\"https:\/\/i0.wp.com\/cdnoticias.com\/wp-content\/uploads\/2023\/10\/comunicado-STMO-00.jpg?resize=897%2C1024&amp;ssl=1 897w, https:\/\/i0.wp.com\/cdnoticias.com\/wp-content\/uploads\/2023\/10\/comunicado-STMO-00.jpg?resize=263%2C300&amp;ssl=1 263w, https:\/\/i0.wp.com\/cdnoticias.com\/wp-content\/uploads\/2023\/10\/comunicado-STMO-00.jpg?resize=768%2C876&amp;ssl=1 768w, https:\/\/i0.wp.com\/cdnoticias.com\/wp-content\/uploads\/2023\/10\/comunicado-STMO-00.jpg?w=900&amp;ssl=1 900w\" sizes=\"auto, (max-width: 800px) 100vw, 800px\" \/><\/p>\n<p>&nbsp;<\/p>\n<p><img data-recalc-dims=\"1\" loading=\"lazy\" decoding=\"async\" class=\"size-large wp-image-100225 aligncenter\" src=\"https:\/\/i0.wp.com\/cdnoticias.com\/wp-content\/uploads\/2023\/10\/comunicado-STMO-01.jpg?resize=800%2C948&#038;ssl=1\" alt=\"\" width=\"800\" height=\"948\" srcset=\"https:\/\/i0.wp.com\/cdnoticias.com\/wp-content\/uploads\/2023\/10\/comunicado-STMO-01.jpg?resize=864%2C1024&amp;ssl=1 864w, https:\/\/i0.wp.com\/cdnoticias.com\/wp-content\/uploads\/2023\/10\/comunicado-STMO-01.jpg?resize=253%2C300&amp;ssl=1 253w, https:\/\/i0.wp.com\/cdnoticias.com\/wp-content\/uploads\/2023\/10\/comunicado-STMO-01.jpg?resize=768%2C911&amp;ssl=1 768w, https:\/\/i0.wp.com\/cdnoticias.com\/wp-content\/uploads\/2023\/10\/comunicado-STMO-01.jpg?w=900&amp;ssl=1 900w\" sizes=\"auto, (max-width: 800px) 100vw, 800px\" \/><\/p>\n","protected":false},"excerpt":{"rendered":"<p>Jos\u00e9 Stuppia habl\u00f3 con los medios locales despu\u00e9s de ver impedida la posibilidad de entregar un petitorio en el Concejo<\/p>\n","protected":false},"author":1,"featured_media":100226,"comment_status":"closed","ping_status":"closed","sticky":false,"template":"","format":"standard","meta":{"_jetpack_memberships_contains_paid_content":false,"footnotes":""},"categories":[4,1],"tags":[],"class_list":["post-100223","post","type-post","status-publish","format-standard","has-post-thumbnail","hentry","category-politica","category-portada"],"jetpack_featured_media_url":"https:\/\/i0.wp.com\/cdnoticias.com\/wp-content\/uploads\/2023\/10\/jose-stuppia-manifestacion-00.jpg?fit=1000%2C556&ssl=1","jetpack_sharing_enabled":true,"_links":{"self":[{"href":"https:\/\/cdnoticias.com\/index.php\/wp-json\/wp\/v2\/posts\/100223","targetHints":{"allow":["GET"]}}],"collection":[{"href":"https:\/\/cdnoticias.com\/index.php\/wp-json\/wp\/v2\/posts"}],"about":[{"href":"https:\/\/cdnoticias.com\/index.php\/wp-json\/wp\/v2\/types\/post"}],"author":[{"embeddable":true,"href":"https:\/\/cdnoticias.com\/index.php\/wp-json\/wp\/v2\/users\/1"}],"replies":[{"embeddable":true,"href":"https:\/\/cdnoticias.com\/index.php\/wp-json\/wp\/v2\/comments?post=100223"}],"version-history":[{"count":0,"href":"https:\/\/cdnoticias.com\/index.php\/wp-json\/wp\/v2\/posts\/100223\/revisions"}],"wp:featuredmedia":[{"embeddable":true,"href":"https:\/\/cdnoticias.com\/index.php\/wp-json\/wp\/v2\/media\/100226"}],"wp:attachment":[{"href":"https:\/\/cdnoticias.com\/index.php\/wp-json\/wp\/v2\/media?parent=100223"}],"wp:term":[{"taxonomy":"category","embeddable":true,"href":"https:\/\/cdnoticias.com\/index.php\/wp-json\/wp\/v2\/categories?post=100223"},{"taxonomy":"post_tag","embeddable":true,"href":"https:\/\/cdnoticias.com\/index.php\/wp-json\/wp\/v2\/tags?post=100223"}],"curies":[{"name":"wp","href":"https:\/\/api.w.org\/{rel}","templated":true}]}}