{"id":100177,"date":"2023-10-24T21:17:20","date_gmt":"2023-10-25T00:17:20","guid":{"rendered":"https:\/\/www.centraldenoticias.com.ar\/?p=100177"},"modified":"2023-10-24T21:20:01","modified_gmt":"2023-10-25T00:20:01","slug":"wado-de-pedro-felicito-a-maximiliano-wesner-por-el-triunfo-en-las-elecciones","status":"publish","type":"post","link":"https:\/\/cdnoticias.com\/index.php\/2023\/10\/24\/wado-de-pedro-felicito-a-maximiliano-wesner-por-el-triunfo-en-las-elecciones\/","title":{"rendered":"\u201cWado\u201d De Pedro felicit\u00f3 a Maximiliano Wesner por el triunfo en las elecciones"},"content":{"rendered":"<p>El ministro del Interior de la Naci\u00f3n emiti\u00f3 una serie de salutaciones a jefes comunales de Uni\u00f3n por la Patria, entre los que se encuentra el nuevo Intendente local.<!--more--><\/p>\n<hr \/>\n<p>El ministro del Interior de la Naci\u00f3n<strong>, Eduardo \u201cWado\u201d De Pedro, felicit\u00f3 a Maximiliano Wesner por el triunfo en las urnas en Olavarr\u00eda.<\/strong><\/p>\n<p>&nbsp;<\/p>\n<p>En una serie de publicaciones en las que salud\u00f3 a dirigentes de Uni\u00f3n por la Patria que triunfaron en las urnas el pasado domingo, <strong>De Pedro reconoci\u00f3 \u201cel esfuerzo del compa\u00f1ero Maximiliano Wesner\u201d.<\/strong><\/p>\n<p>&nbsp;<\/p>\n<blockquote><p>\u201cTriunf\u00f3 en Olavarr\u00eda y asume la responsabilidad de hacer realidad el proyecto de una ciudad grande, productiva, con desarrollo y arraigo\u201d agreg\u00f3.<\/p><\/blockquote>\n<p>&nbsp;<\/p>\n<p>Destac\u00f3 los triunfos de Julio Alak en La Plata (desde UP aseguran que con el 100% del escrutinio le gan\u00f3 a Julio Garro), Juli\u00e1n \u00c1lvarez (Lan\u00fas), Dami\u00e1n Selci (Hurlingham), Jos\u00e9 Luis Mancini (Suipacha), Federico Susbielles (Bah\u00eda Blanca) y Fernando Raitelli (Brandsen), Nelson Sombra (Azul), Walter Giordano en Col\u00f3n y Rodrigo Aristimu\u00f1o en Coronel Rosales.<\/p>\n","protected":false},"excerpt":{"rendered":"<p>El ministro del Interior de la Naci\u00f3n emiti\u00f3 una serie de salutaciones a jefes comunales de Uni\u00f3n por la Patria,<\/p>\n","protected":false},"author":1,"featured_media":100178,"comment_status":"closed","ping_status":"closed","sticky":false,"template":"","format":"standard","meta":{"_jetpack_memberships_contains_paid_content":false,"footnotes":""},"categories":[4,1],"tags":[],"class_list":["post-100177","post","type-post","status-publish","format-standard","has-post-thumbnail","hentry","category-politica","category-portada"],"jetpack_featured_media_url":"https:\/\/i0.wp.com\/cdnoticias.com\/wp-content\/uploads\/2023\/10\/depedro-wesner.jpeg?fit=930%2C618&ssl=1","jetpack_sharing_enabled":true,"_links":{"self":[{"href":"https:\/\/cdnoticias.com\/index.php\/wp-json\/wp\/v2\/posts\/100177","targetHints":{"allow":["GET"]}}],"collection":[{"href":"https:\/\/cdnoticias.com\/index.php\/wp-json\/wp\/v2\/posts"}],"about":[{"href":"https:\/\/cdnoticias.com\/index.php\/wp-json\/wp\/v2\/types\/post"}],"author":[{"embeddable":true,"href":"https:\/\/cdnoticias.com\/index.php\/wp-json\/wp\/v2\/users\/1"}],"replies":[{"embeddable":true,"href":"https:\/\/cdnoticias.com\/index.php\/wp-json\/wp\/v2\/comments?post=100177"}],"version-history":[{"count":0,"href":"https:\/\/cdnoticias.com\/index.php\/wp-json\/wp\/v2\/posts\/100177\/revisions"}],"wp:featuredmedia":[{"embeddable":true,"href":"https:\/\/cdnoticias.com\/index.php\/wp-json\/wp\/v2\/media\/100178"}],"wp:attachment":[{"href":"https:\/\/cdnoticias.com\/index.php\/wp-json\/wp\/v2\/media?parent=100177"}],"wp:term":[{"taxonomy":"category","embeddable":true,"href":"https:\/\/cdnoticias.com\/index.php\/wp-json\/wp\/v2\/categories?post=100177"},{"taxonomy":"post_tag","embeddable":true,"href":"https:\/\/cdnoticias.com\/index.php\/wp-json\/wp\/v2\/tags?post=100177"}],"curies":[{"name":"wp","href":"https:\/\/api.w.org\/{rel}","templated":true}]}}