{"id":100144,"date":"2023-10-24T18:24:16","date_gmt":"2023-10-24T21:24:16","guid":{"rendered":"https:\/\/www.centraldenoticias.com.ar\/?p=100144"},"modified":"2023-10-24T18:25:17","modified_gmt":"2023-10-24T21:25:17","slug":"nelson-sombra-y-hernan-bertellys-comenzaron-la-transicion-de-gestiones-en-azul","status":"publish","type":"post","link":"https:\/\/cdnoticias.com\/index.php\/2023\/10\/24\/nelson-sombra-y-hernan-bertellys-comenzaron-la-transicion-de-gestiones-en-azul\/","title":{"rendered":"Nelson Sombra y Hern\u00e1n Bertellys comenzaron la transici\u00f3n de gestiones en Azul"},"content":{"rendered":"<p>Fue en la ma\u00f1ana de este martes. Dijeron que se desarrollar\u00e1 \u201cen armon\u00eda y colaboraci\u00f3n\u201d. <strong>Se prev\u00e9 en estas horas un encuentro entre Maximiliano Wesner y Ezequiel Galli.<\/strong> <!--more--><\/p>\n<hr \/>\n<p>Este martes, <strong>el intendente saliente Hern\u00e1n Bertellys recibi\u00f3 en su despacho al intendente electo en las elecciones del domingo pasado, el peronista Nelson Sombra, y comenzaron la transici\u00f3n de cara al cambio de gesti\u00f3n del 10 de diciembre.<\/strong><\/p>\n<p>&nbsp;<\/p>\n<p>En principio, Bertellys felicit\u00f3 a Sombra y<strong> comenzaron a coordinar el periodo de transici\u00f3n rumbo al futuro traspaso de mando.<\/strong><\/p>\n<p>&nbsp;<\/p>\n<p>Ambos protagonistas del encuentro coincidieron en que dicha etapa <strong><em>\u201cse desarrollar\u00e1 en armon\u00eda y colaboraci\u00f3n, poniendo el inter\u00e9s de los vecinos y las vecinas como principio fundamental\u201d.<\/em><\/strong><\/p>\n<p>&nbsp;<\/p>\n<p>Tal como lo hab\u00eda hecho en su saludo a Sombra luego del acto electoral que lo consagr\u00f3 como el nuevo intendente, Bertellys reiter\u00f3 que<em> &#8220;tanto yo como todo mi equipo de gobierno nos encontramos ya a su disposici\u00f3n para realizar una transici\u00f3n prolija y ordenada como corresponde&#8221;.<\/em><\/p>\n<p>&nbsp;<\/p>\n<p>En lo que refiere a Olavarr\u00eda, <strong>Central de Noticias logr\u00f3 saber que en estas horas tanto Maximiliano Wesner como Ezequiel Galli tambi\u00e9n iniciar\u00edan el periodo formal de transici\u00f3n<\/strong> para el cambio de mando en nuestro distrito.<\/p>\n<p>&nbsp;<\/p>\n<p><em>Foto y fuente: Diario El Tiempo de Azul.<\/em><\/p>\n","protected":false},"excerpt":{"rendered":"<p>Fue en la ma\u00f1ana de este martes. Dijeron que se desarrollar\u00e1 \u201cen armon\u00eda y colaboraci\u00f3n\u201d. Se prev\u00e9 en estas horas<\/p>\n","protected":false},"author":1,"featured_media":100151,"comment_status":"closed","ping_status":"closed","sticky":false,"template":"","format":"standard","meta":{"_jetpack_memberships_contains_paid_content":false,"footnotes":""},"categories":[6,1],"tags":[],"class_list":["post-100144","post","type-post","status-publish","format-standard","has-post-thumbnail","hentry","category-nacionales","category-portada"],"jetpack_featured_media_url":"https:\/\/i0.wp.com\/cdnoticias.com\/wp-content\/uploads\/2023\/10\/1698178631.jpeg?fit=948%2C533&ssl=1","jetpack_sharing_enabled":true,"_links":{"self":[{"href":"https:\/\/cdnoticias.com\/index.php\/wp-json\/wp\/v2\/posts\/100144","targetHints":{"allow":["GET"]}}],"collection":[{"href":"https:\/\/cdnoticias.com\/index.php\/wp-json\/wp\/v2\/posts"}],"about":[{"href":"https:\/\/cdnoticias.com\/index.php\/wp-json\/wp\/v2\/types\/post"}],"author":[{"embeddable":true,"href":"https:\/\/cdnoticias.com\/index.php\/wp-json\/wp\/v2\/users\/1"}],"replies":[{"embeddable":true,"href":"https:\/\/cdnoticias.com\/index.php\/wp-json\/wp\/v2\/comments?post=100144"}],"version-history":[{"count":0,"href":"https:\/\/cdnoticias.com\/index.php\/wp-json\/wp\/v2\/posts\/100144\/revisions"}],"wp:featuredmedia":[{"embeddable":true,"href":"https:\/\/cdnoticias.com\/index.php\/wp-json\/wp\/v2\/media\/100151"}],"wp:attachment":[{"href":"https:\/\/cdnoticias.com\/index.php\/wp-json\/wp\/v2\/media?parent=100144"}],"wp:term":[{"taxonomy":"category","embeddable":true,"href":"https:\/\/cdnoticias.com\/index.php\/wp-json\/wp\/v2\/categories?post=100144"},{"taxonomy":"post_tag","embeddable":true,"href":"https:\/\/cdnoticias.com\/index.php\/wp-json\/wp\/v2\/tags?post=100144"}],"curies":[{"name":"wp","href":"https:\/\/api.w.org\/{rel}","templated":true}]}}